{"id":18163,"date":"2022-04-01T08:45:26","date_gmt":"2022-04-01T08:45:26","guid":{"rendered":"https:\/\/dev.lelo.com\/es\/blog\/?p=18163"},"modified":"2022-09-02T11:11:00","modified_gmt":"2022-09-02T09:11:00","slug":"el-cuadro-mas-obsceno","status":"publish","type":"post","link":"https:\/\/www.lelo.com\/es\/blog\/el-cuadro-mas-obsceno\/","title":{"rendered":"El origen del mundo: El cuadro m\u00e1s obsceno de la historia"},"content":{"rendered":"<p>Gustave Courbet (1819-1877) fue un pintor franc\u00e9s, fundador y m\u00e1ximo representante del realismo. Comprometido activista republicano, cercano al socialismo revolucionario, lleg\u00f3 a ser etiquetado como \u00abrevolucionario peligroso\u00bb. Su desprecio hacia las convenciones art\u00edsticas y comerciales y su encendida defensa del socialismo ut\u00f3pico de Saint-Simon le supuso ganarse la fama de arrogante y efectista. Afirmaba que \u00absi dejo de escandalizar, dejo de existir\u00bb por lo que sus detractores le acusaron de provocar esc\u00e1ndalos solo para entretener a las clases bienpensantes, algo que consigui\u00f3, sin duda, con su obra m\u00e1s pol\u00e9mica: <em>L&#8217;origine du monde<\/em> (<em>El origen del mundo).<\/em><\/p>\n<p><em>Sigue leyendo\u2026<\/em><\/p>\n<p><img fetchpriority=\"high\" decoding=\"async\" class=\"alignnone wp-image-19127 size-full\" title=\"El origen del mundo: El cuadro m\u00e1s obsceno de la historia\" src=\"https:\/\/www.lelo.com\/es\/blog\/wp-content\/uploads\/2022\/04\/El-Origen-del-Mundo.jpg\" alt=\"Sexo\" width=\"850\" height=\"425\" srcset=\"https:\/\/www.lelo.com\/es\/blog\/wp-content\/uploads\/2022\/04\/El-Origen-del-Mundo.jpg 850w, https:\/\/www.lelo.com\/es\/blog\/wp-content\/uploads\/2022\/04\/El-Origen-del-Mundo-300x150.jpg 300w, https:\/\/www.lelo.com\/es\/blog\/wp-content\/uploads\/2022\/04\/El-Origen-del-Mundo-768x384.jpg 768w, https:\/\/www.lelo.com\/es\/blog\/wp-content\/uploads\/2022\/04\/El-Origen-del-Mundo-770x385.jpg 770w\" sizes=\"(max-width: 850px) 100vw, 850px\" \/><\/p>\n<p>En <em>El origen del mundo<\/em> (nombre que no se le atribuy\u00f3 hasta comienzos del siglo XX), Gustave Courbet prescinde de cualquier excusa narrativa o iconogr\u00e1fica para recrear el cuerpo femenino en toda su crudeza: un escorzo que muestra parte del tronco de una mujer tumbada: senos, ombligo, muslos y un pubis prominente cubierto de una hermosa mata de vello p\u00fabico que apenas esconde la entrada a una vagina que se intuye rosada.<\/p>\n<h4><strong>Andanzas de <em>El origen del mundo<\/em><\/strong><\/h4>\n<p>En 1866, Khalil-Bey, diplom\u00e1tico egipcio del Imperio Otomano, le encarg\u00f3 a Gustave Courbet pintar esta obra. Aunque Khalil-Bey ten\u00eda especial debilidad por las pinturas er\u00f3ticas y su colecci\u00f3n era muy amplia, ocultaba <em>El origen del mundo<\/em> tras una cortina de terciopelo y solo la mostraba ante sus visitas m\u00e1s destacadas. Sin embargo, apenas pudo disfrutar de ella. Jugador empedernido, Khalil-Bey perdi\u00f3 el lienzo en una partida de cartas y el anticuario Antoine de la Narde lo adquiri\u00f3 en una subasta que se realiz\u00f3 en 1868.<\/p>\n<p>Sus andanzas posteriores son poco claras. Edmond de Goncourt lo vio por primera vez en 1889 en la tienda de un anticuario, oculto tras un panel en el que estaba pintado un castillo en medio de un paisaje nevado; esa pieza era otro cuadro de Courbet, <em>Le ch\u00e2teau de Blonay.<\/em> El conjunto reapareci\u00f3 en 1913 en la Galer\u00eda Bernheim-Jeune de Par\u00eds donde lo adquiri\u00f3 el bar\u00f3n h\u00fangaro Ferencz Hatvany junto con otras obras del mismo artista. Ferencz Hatvany lo llev\u00f3 a Budapest, donde permanecieron hasta la Segunda Guerra Mundial, cuando el Heer se apoder\u00f3 de ellos. Posteriormente, el Ej\u00e9rcito Rojo acab\u00f3 recuper\u00e1ndolo y se lo devolvi\u00f3 a su leg\u00edtimo due\u00f1o.<\/p>\n<p>En 1947, este se traslad\u00f3 a Par\u00eds y en 1955 se lo vendi\u00f3 a Jacques Lacan, que lo llev\u00f3 a su casa campestre <em>La Prevot\u00e9<\/em> en Guitrancourt, donde lo ocult\u00f3 bajo una composici\u00f3n realizada ex profeso por Andr\u00e9 Masson. Tras la muerte de Lacan en 1981, <em>El origen del mundo<\/em> pas\u00f3 a ser propiedad del Estado franc\u00e9s en pago de los impuestos sucesorios, que lo mantuvo almacenado hasta que en 1995 decidieron exponerlo en el <em>Mus\u00e9e d&#8217;Orsay<\/em> de Par\u00eds junto con otras obras de Courbet, no sin ciertas cautelas.<\/p>\n<h4><strong>Un rostro de mujer<\/strong><\/h4>\n<p>Durante mucho tiempo, la gente se pregunt\u00f3 a qu\u00e9 hermosa mujer corresponder\u00eda tan hermoso sexo. Todo apuntaba a la irlandesa Joanna Hiffernan, pareja del pintor James Whistler, que pos\u00f3 varias veces para Courbet, de quien fue amante. En 2013, la duda razonable pareci\u00f3 convertirse en certeza.<\/p>\n<p>Todo comenz\u00f3 en 2010, cuando un aficionado al arte compr\u00f3 a un anticuario de Par\u00eds un peque\u00f1o retrato horizontal de la cara de una mujer ladeada hacia atr\u00e1s, con la boca entreabierta y un gesto lascivo en la mirada. En 2012, el comprador pens\u00f3 que pod\u00eda tratarse de la obra de un maestro y cuando sac\u00f3 la tela del marco, comprob\u00f3 que la pintura hab\u00eda sido cortada y parec\u00eda proceder de una tela m\u00e1s grande. En el reverso aparec\u00eda un sello con el nombre de un marchante de colores del siglo XIX y busc\u00f3 informaci\u00f3n en Internet. Una noche se top\u00f3 con una imagen de <em>El origen del mundo<\/em> y se encendi\u00f3 una peque\u00f1a bombilla sobre la cabeza. Tras imprimir la ilustraci\u00f3n en tama\u00f1o natural y superponerla a su cuadro con un peque\u00f1o <em>decalage<\/em>, las dos piezas parecieron encajar. Cuando meses despu\u00e9s, vio el retrato de Joanna Hiffernan <em>La femme au perroquet<\/em> (Mujer con loro), cualquier peque\u00f1a duda se desvaneci\u00f3.<\/p>\n<p>Animado con el hallazgo, contact\u00f3 con Jean-Jacques Fernier, del Instituto Gustave-Courbet, que encarg\u00f3 un an\u00e1lisis del cuadro al Centro de An\u00e1lisis e Investigaci\u00f3n en Arte y Arqueolog\u00eda de Par\u00eds, consistente en radiograf\u00edas, rayos X y espectrometr\u00eda de infrarrojos. Resultado: los pigmentos, la capa marr\u00f3n de los contornos, la largura de las pinceladas, todo correspond\u00eda punto por punto a <em>El origen del mundo<\/em>\u00bb.<\/p>\n<p>El <em>Mus\u00e9e d&#8217;Orsay<\/em>, sin embargo, no estuvo de acuerdo. \u00ab<em>El origen del mundo<\/em> no ha perdido la cabeza. El lienzo de 1866 es una composici\u00f3n terminada y en ning\u00fan caso el fragmento de una obra mayor\u00bb, declararon sus responsables en 2013.<\/p>\n<h4><strong>La mujer m\u00e1s deseada<\/strong><\/h4>\n<p>El cuadro no ha perdido su cabeza, pero \u00bfqui\u00e9n fue su modelo? Seg\u00fan el reputado historiador Claude Schopp, especialista en la vida y obra de Alejandro Dumas y premio Goncourt de biograf\u00eda, Constance Qu\u00e9niaux, una bailarina de la \u00d3pera de Par\u00eds, de or\u00edgenes humildes, que acab\u00f3 convirti\u00e9ndose en la cortesana de algunos de los hombres m\u00e1s poderosos de Francia, tal y como desarrolla en su ensayo <em>L\u2019origine du monde, vie du mod\u00e8le<\/em>.<\/p>\n<p>Claude Schopp llega a esta conclusi\u00f3n sobre la base de dos hallazgos relevantes. El primero, una carta que Alejandro Dumas (hijo), que fue amigo \u00edntimo de Gustave Courbet hasta que se enfadaron por discrepancias pol\u00edticas, envi\u00f3 a <strong><a href=\"https:\/\/lelo.com\/es\/blog\/mujeres-en-la-historia-george-sand\/\">George Sand<\/a><\/strong>, en 1871. En ella, Dumas no solo insin\u00faa que Constance Qu\u00e9niaux era cortesana, sino tambi\u00e9n que pos\u00f3 para <em>El origen del mundo<\/em> cuando contaba con 34 a\u00f1os, a petici\u00f3n de Jalil Bey, uno de sus amantes. La frase clave de la misiva que puso a Claude Schopp sobre la pista fue \u00abNo pinta (Gustave Courbet) de su pincel el m\u00e1s sonoro y delicado interior de la se\u00f1orita Queniault de la \u00d3pera para el turco que all\u00ed se alojaba de tiempo en tiempo&#8230;\u00bb.<\/p>\n<p>El segundo indicio es el cuadro que Gustave Courbet regal\u00f3 a Constance Qu\u00e9niaux, <em>Flores<\/em>, una simb\u00f3lica composici\u00f3n con flores de primavera, camelias rojas y blancas (la flor de las cortesanas) y una flor con una corola roja, abierta y profunda, presidi\u00e9ndolo. Finalmente, Claude Schopp apostilla en su libro que el color del vello p\u00fabico de <em>El origen del mundo<\/em> corresponde con el del pelo de Constance Qu\u00e9niaux, a diferencia del que presumiblemente ocultaba la pelirroja de tez p\u00e1lida Joanna Hiffernan.<\/p>\n<p>No solo Claude Schopp considera que Constance Qu\u00e9niaux fue la modelo del cuadro, tambi\u00e9n Sylvie Aubenas, directora del departamento de estampas y fotograf\u00edas de la Biblioteca Nacional de Francia (BNF), donde se encuentra el manuscrito original de la carta enviada por Dumas a Sand.<\/p>\n<p>Sin embargo, otros no son tan entusiastas y critican a Claude Schopp tachando su descubrimiento de mera hip\u00f3tesis sustentada en conjeturas, debido a la poca informaci\u00f3n sobre Constance Qu\u00e9niaux de la que se dispone.<\/p>\n<p>Sea como sea, 150 a\u00f1os despu\u00e9s de su creaci\u00f3n, <em>El origen del mundo<\/em> sigue generando fascinaci\u00f3n y muchos artistas se atreven a reivindicarlo, como Deborah de Robertis que, en 2014, realiz\u00f3 en el <em>Mus\u00e9e d&#8217;Orsay<\/em> una <em>performance<\/em> titulada <em>Espejo de origen<\/em> delante del cuadro de Courbert. Sentada en el suelo, recitaba \u00abYo soy el origen, yo soy todas las mujeres. No me has visto, quiero que me reconozcas. Virgen como el agua creadora de esperma\u00bb mientras abr\u00eda su vulva con los dedos. O como <em>El origen del mundo<\/em>, esta <a href=\"https:\/\/www.amazon.es\/EL-ORIGEN-DEL-MUNDO-RARA\/dp\/841246043X\/ref=sr_1_1?crid=2GBGKO74JDL2S&amp;keywords=el+origen+del+mundo+jos%C3%A9+luis+mu%C3%B1oz&amp;qid=1648302775&amp;sprefix=el+origen+del+mundo%2Caps%2C481&amp;sr=8-1\" target=\"_blank\" rel=\"&quot;nofollow noopener\">antolog\u00eda ilustrada de relatos er\u00f3ticos<\/a> en la que participo junto con m\u00e1s de 20 escritores de ambas orillas del Atl\u00e1ntico, editada por <a href=\"https:\/\/twitter.com\/VencejoEd\" target=\"_blank\" rel=\"noopener\">Vencejo Ediciones<\/a> que, sin embargo, tiene como portada <em>El ba\u00f1o de Diana<\/em> <em>(La Fuente)<\/em> de Jean-Baptiste-Camille Corot, porque en pleno siglo XXI, el cuadro sigue enfrent\u00e1ndose a la f\u00e9rrea censura en multitud de medios.<\/p>\n<p>Por fortuna, el <em>Mus\u00e9e d&#8217;Orsay<\/em> sigue exhibiendo <em>El origen del mundo<\/em> como parte de sus exposiciones permanentes por considerarlo una pieza \u00fanica. Lo es, sin duda, un mundo en s\u00ed mismo: su origen.<\/p>\n<p style=\"text-align: center;\"><a class=\"twitter-share-button\" href=\"https:\/\/twitter.com\/share?ref_src=twsrc%5Etfw\" data-show-count=\"false\">Comp\u00e1rteme con un Re-Tweet<\/a><script async src=\"https:\/\/platform.twitter.com\/widgets.js\" charset=\"utf-8\"><\/script><\/p>\n","protected":false},"excerpt":{"rendered":"<p>Gustave Courbet (1819-1877) fue un pintor franc\u00e9s, fundador y m\u00e1ximo representante del realismo. Comprometido activista republicano, cercano al socialismo revolucionario, lleg\u00f3 a ser etiquetado como \u00abrevolucionario peligroso\u00bb. Su desprecio hacia las convenciones art\u00edsticas y comerciales y su encendida defensa del socialismo ut\u00f3pico de Saint-Simon le supuso ganarse la fama de arrogante y efectista. Afirmaba que \u00absi dejo de escandalizar, dejo de existir\u00bb por lo que sus detractores le acusaron de provocar esc\u00e1ndalos solo para entretener a las clases bienpensantes, algo [&hellip;]<\/p>\n","protected":false},"author":38,"featured_media":19127,"comment_status":"open","ping_status":"closed","sticky":false,"template":"","format":"standard","meta":{"_acf_changed":false,"footnotes":""},"categories":[7],"tags":[1036,432],"coauthors":[1195],"class_list":["post-18163","post","type-post","status-publish","format-standard","has-post-thumbnail","hentry","category-noticias-lelo","tag-noticias-de-sexo","tag-vagina"],"acf":[],"yoast_head":"<!-- This site is optimized with the Yoast SEO plugin v24.8.1 - https:\/\/yoast.com\/wordpress\/plugins\/seo\/ -->\n<title>El cuadro m\u00e1s obsceno: El origen del mundo de Gustave Courbet<\/title>\n<meta name=\"description\" content=\"Explora en \u00abEl origen del mundo: El cuadro m\u00e1s obsceno de la historia\u00bb, donde Brenda B. Lennox nos cuenta los entresijos de esta obra de arte.\" \/>\n<meta name=\"robots\" content=\"index, follow, max-snippet:-1, max-image-preview:large, max-video-preview:-1\" \/>\n<link rel=\"canonical\" href=\"https:\/\/www.lelo.com\/es\/blog\/el-cuadro-mas-obsceno\/\" \/>\n<meta property=\"og:locale\" content=\"es_ES\" \/>\n<meta property=\"og:type\" content=\"article\" \/>\n<meta property=\"og:title\" content=\"El cuadro m\u00e1s obsceno: El origen del mundo de Gustave Courbet\" \/>\n<meta property=\"og:description\" content=\"Explora en \u00abEl origen del mundo: El cuadro m\u00e1s obsceno de la historia\u00bb, donde Brenda B. Lennox nos cuenta los entresijos de esta obra de arte.\" \/>\n<meta property=\"og:url\" content=\"https:\/\/www.lelo.com\/es\/blog\/el-cuadro-mas-obsceno\/\" \/>\n<meta property=\"og:site_name\" content=\"Volont\u00e9\" \/>\n<meta property=\"article:publisher\" content=\"https:\/\/www.facebook.com\/LELO.lust.objectified\" \/>\n<meta property=\"article:author\" content=\"https:\/\/www.facebook.com\/brenda.lennox.92\" \/>\n<meta property=\"article:published_time\" content=\"2022-04-01T08:45:26+00:00\" \/>\n<meta property=\"article:modified_time\" content=\"2022-09-02T09:11:00+00:00\" \/>\n<meta property=\"og:image\" content=\"https:\/\/www.lelo.com\/es\/blog\/wp-content\/uploads\/2022\/04\/El-Origen-del-Mundo.jpg\" \/>\n\t<meta property=\"og:image:width\" content=\"850\" \/>\n\t<meta property=\"og:image:height\" content=\"425\" \/>\n\t<meta property=\"og:image:type\" content=\"image\/jpeg\" \/>\n<meta name=\"author\" content=\"Brenda B. Lennox\" \/>\n<meta name=\"twitter:card\" content=\"summary_large_image\" \/>\n<meta name=\"twitter:image\" content=\"https:\/\/www.lelo.com\/es\/blog\/wp-content\/uploads\/2022\/04\/El-Origen-del-Mundo.jpg\" \/>\n<meta name=\"twitter:creator\" content=\"@BrendaBLennox\" \/>\n<meta name=\"twitter:site\" content=\"@LELO_ES\" \/>\n<meta name=\"twitter:label1\" content=\"Escrito por\" \/>\n\t<meta name=\"twitter:data1\" content=\"Brenda B. Lennox\" \/>\n\t<meta name=\"twitter:label2\" content=\"Tiempo de lectura\" \/>\n\t<meta name=\"twitter:data2\" content=\"7 minutos\" \/>\n\t<meta name=\"twitter:label3\" content=\"Written by\" \/>\n\t<meta name=\"twitter:data3\" content=\"Brenda B. Lennox\" \/>\n<script type=\"application\/ld+json\" class=\"yoast-schema-graph\">{\"@context\":\"https:\/\/schema.org\",\"@graph\":[{\"@type\":\"WebPage\",\"@id\":\"https:\/\/www.lelo.com\/es\/blog\/el-cuadro-mas-obsceno\/\",\"url\":\"https:\/\/www.lelo.com\/es\/blog\/el-cuadro-mas-obsceno\/\",\"name\":\"El cuadro m\u00e1s obsceno: El origen del mundo de Gustave Courbet\",\"isPartOf\":{\"@id\":\"https:\/\/www.lelo.com\/es\/blog\/#website\"},\"primaryImageOfPage\":{\"@id\":\"https:\/\/www.lelo.com\/es\/blog\/el-cuadro-mas-obsceno\/#primaryimage\"},\"image\":{\"@id\":\"https:\/\/www.lelo.com\/es\/blog\/el-cuadro-mas-obsceno\/#primaryimage\"},\"thumbnailUrl\":\"https:\/\/www.lelo.com\/es\/blog\/wp-content\/uploads\/2022\/04\/El-Origen-del-Mundo.jpg\",\"datePublished\":\"2022-04-01T08:45:26+00:00\",\"dateModified\":\"2022-09-02T09:11:00+00:00\",\"author\":{\"@id\":\"https:\/\/www.lelo.com\/es\/blog\/#\/schema\/person\/4ea42afd86cd122edd223d74469ef3f6\"},\"description\":\"Explora en \u00abEl origen del mundo: El cuadro m\u00e1s obsceno de la historia\u00bb, donde Brenda B. Lennox nos cuenta los entresijos de esta obra de arte.\",\"inLanguage\":\"es\",\"potentialAction\":[{\"@type\":\"ReadAction\",\"target\":[\"https:\/\/www.lelo.com\/es\/blog\/el-cuadro-mas-obsceno\/\"]}]},{\"@type\":\"ImageObject\",\"inLanguage\":\"es\",\"@id\":\"https:\/\/www.lelo.com\/es\/blog\/el-cuadro-mas-obsceno\/#primaryimage\",\"url\":\"https:\/\/www.lelo.com\/es\/blog\/wp-content\/uploads\/2022\/04\/El-Origen-del-Mundo.jpg\",\"contentUrl\":\"https:\/\/www.lelo.com\/es\/blog\/wp-content\/uploads\/2022\/04\/El-Origen-del-Mundo.jpg\",\"width\":850,\"height\":425,\"caption\":\"Sexo\"},{\"@type\":\"WebSite\",\"@id\":\"https:\/\/www.lelo.com\/es\/blog\/#website\",\"url\":\"https:\/\/www.lelo.com\/es\/blog\/\",\"name\":\"Volont\u00e9\",\"description\":\"Relatos er\u00f3ticos, juguetes er\u00f3ticos, Kamasutra, masturbaci\u00f3n, sexo oral, sexo anal, amor, pel\u00edculas er\u00f3ticas y consejos sexuales\",\"potentialAction\":[{\"@type\":\"SearchAction\",\"target\":{\"@type\":\"EntryPoint\",\"urlTemplate\":\"https:\/\/www.lelo.com\/es\/blog\/?s={search_term_string}\"},\"query-input\":{\"@type\":\"PropertyValueSpecification\",\"valueRequired\":true,\"valueName\":\"search_term_string\"}}],\"inLanguage\":\"es\"},{\"@type\":\"Person\",\"@id\":\"https:\/\/www.lelo.com\/es\/blog\/#\/schema\/person\/4ea42afd86cd122edd223d74469ef3f6\",\"name\":\"Brenda B. Lennox\",\"image\":{\"@type\":\"ImageObject\",\"inLanguage\":\"es\",\"@id\":\"https:\/\/www.lelo.com\/es\/blog\/#\/schema\/person\/image\/530cda3455dc20b6a049c34448c2da42\",\"url\":\"https:\/\/secure.gravatar.com\/avatar\/fc0cfe2bf9a3a3c27830d0c41cefed13?s=96&d=mm&r=pg\",\"contentUrl\":\"https:\/\/secure.gravatar.com\/avatar\/fc0cfe2bf9a3a3c27830d0c41cefed13?s=96&d=mm&r=pg\",\"caption\":\"Brenda B. Lennox\"},\"description\":\"Brenda B. Lennox es el seud\u00f3nimo de una escritora con varios premios literarios a su espalda. La m\u00e1scara que le permite mostrar su lado m\u00e1s salvaje en textos que destilan crudeza no exenta de humor negro y poes\u00eda. La firma que avala su compromiso con la sexualidad como redactora para La Magia de los Sentidos. Podr\u00edamos decirte su nombre real, pero ha asegurado que despu\u00e9s tendr\u00eda que matarte. Y la creemos.\",\"sameAs\":[\"http:\/\/brendablennox.blogspot.com.es\",\"https:\/\/www.facebook.com\/brenda.lennox.92\",\"https:\/\/www.instagram.com\/brenda.b.lennox\/\",\"https:\/\/x.com\/@BrendaBLennox\"],\"url\":\"https:\/\/www.lelo.com\/es\/blog\/author\/brenda-b-lennox\/\"}]}<\/script>\n<!-- \/ Yoast SEO plugin. -->","yoast_head_json":{"title":"El cuadro m\u00e1s obsceno: El origen del mundo de Gustave Courbet","description":"Explora en \u00abEl origen del mundo: El cuadro m\u00e1s obsceno de la historia\u00bb, donde Brenda B. Lennox nos cuenta los entresijos de esta obra de arte.","robots":{"index":"index","follow":"follow","max-snippet":"max-snippet:-1","max-image-preview":"max-image-preview:large","max-video-preview":"max-video-preview:-1"},"canonical":"https:\/\/www.lelo.com\/es\/blog\/el-cuadro-mas-obsceno\/","og_locale":"es_ES","og_type":"article","og_title":"El cuadro m\u00e1s obsceno: El origen del mundo de Gustave Courbet","og_description":"Explora en \u00abEl origen del mundo: El cuadro m\u00e1s obsceno de la historia\u00bb, donde Brenda B. Lennox nos cuenta los entresijos de esta obra de arte.","og_url":"https:\/\/www.lelo.com\/es\/blog\/el-cuadro-mas-obsceno\/","og_site_name":"Volont\u00e9","article_publisher":"https:\/\/www.facebook.com\/LELO.lust.objectified","article_author":"https:\/\/www.facebook.com\/brenda.lennox.92","article_published_time":"2022-04-01T08:45:26+00:00","article_modified_time":"2022-09-02T09:11:00+00:00","og_image":[{"width":850,"height":425,"url":"https:\/\/www.lelo.com\/es\/blog\/wp-content\/uploads\/2022\/04\/El-Origen-del-Mundo.jpg","type":"image\/jpeg"}],"author":"Brenda B. Lennox","twitter_card":"summary_large_image","twitter_image":"https:\/\/www.lelo.com\/es\/blog\/wp-content\/uploads\/2022\/04\/El-Origen-del-Mundo.jpg","twitter_creator":"@BrendaBLennox","twitter_site":"@LELO_ES","twitter_misc":{"Escrito por":"Brenda B. Lennox","Tiempo de lectura":"7 minutos","Written by":"Brenda B. Lennox"},"schema":{"@context":"https:\/\/schema.org","@graph":[{"@type":"WebPage","@id":"https:\/\/www.lelo.com\/es\/blog\/el-cuadro-mas-obsceno\/","url":"https:\/\/www.lelo.com\/es\/blog\/el-cuadro-mas-obsceno\/","name":"El cuadro m\u00e1s obsceno: El origen del mundo de Gustave Courbet","isPartOf":{"@id":"https:\/\/www.lelo.com\/es\/blog\/#website"},"primaryImageOfPage":{"@id":"https:\/\/www.lelo.com\/es\/blog\/el-cuadro-mas-obsceno\/#primaryimage"},"image":{"@id":"https:\/\/www.lelo.com\/es\/blog\/el-cuadro-mas-obsceno\/#primaryimage"},"thumbnailUrl":"https:\/\/www.lelo.com\/es\/blog\/wp-content\/uploads\/2022\/04\/El-Origen-del-Mundo.jpg","datePublished":"2022-04-01T08:45:26+00:00","dateModified":"2022-09-02T09:11:00+00:00","author":{"@id":"https:\/\/www.lelo.com\/es\/blog\/#\/schema\/person\/4ea42afd86cd122edd223d74469ef3f6"},"description":"Explora en \u00abEl origen del mundo: El cuadro m\u00e1s obsceno de la historia\u00bb, donde Brenda B. Lennox nos cuenta los entresijos de esta obra de arte.","inLanguage":"es","potentialAction":[{"@type":"ReadAction","target":["https:\/\/www.lelo.com\/es\/blog\/el-cuadro-mas-obsceno\/"]}]},{"@type":"ImageObject","inLanguage":"es","@id":"https:\/\/www.lelo.com\/es\/blog\/el-cuadro-mas-obsceno\/#primaryimage","url":"https:\/\/www.lelo.com\/es\/blog\/wp-content\/uploads\/2022\/04\/El-Origen-del-Mundo.jpg","contentUrl":"https:\/\/www.lelo.com\/es\/blog\/wp-content\/uploads\/2022\/04\/El-Origen-del-Mundo.jpg","width":850,"height":425,"caption":"Sexo"},{"@type":"WebSite","@id":"https:\/\/www.lelo.com\/es\/blog\/#website","url":"https:\/\/www.lelo.com\/es\/blog\/","name":"Volont\u00e9","description":"Relatos er\u00f3ticos, juguetes er\u00f3ticos, Kamasutra, masturbaci\u00f3n, sexo oral, sexo anal, amor, pel\u00edculas er\u00f3ticas y consejos sexuales","potentialAction":[{"@type":"SearchAction","target":{"@type":"EntryPoint","urlTemplate":"https:\/\/www.lelo.com\/es\/blog\/?s={search_term_string}"},"query-input":{"@type":"PropertyValueSpecification","valueRequired":true,"valueName":"search_term_string"}}],"inLanguage":"es"},{"@type":"Person","@id":"https:\/\/www.lelo.com\/es\/blog\/#\/schema\/person\/4ea42afd86cd122edd223d74469ef3f6","name":"Brenda B. Lennox","image":{"@type":"ImageObject","inLanguage":"es","@id":"https:\/\/www.lelo.com\/es\/blog\/#\/schema\/person\/image\/530cda3455dc20b6a049c34448c2da42","url":"https:\/\/secure.gravatar.com\/avatar\/fc0cfe2bf9a3a3c27830d0c41cefed13?s=96&d=mm&r=pg","contentUrl":"https:\/\/secure.gravatar.com\/avatar\/fc0cfe2bf9a3a3c27830d0c41cefed13?s=96&d=mm&r=pg","caption":"Brenda B. Lennox"},"description":"Brenda B. Lennox es el seud\u00f3nimo de una escritora con varios premios literarios a su espalda. La m\u00e1scara que le permite mostrar su lado m\u00e1s salvaje en textos que destilan crudeza no exenta de humor negro y poes\u00eda. La firma que avala su compromiso con la sexualidad como redactora para La Magia de los Sentidos. Podr\u00edamos decirte su nombre real, pero ha asegurado que despu\u00e9s tendr\u00eda que matarte. Y la creemos.","sameAs":["http:\/\/brendablennox.blogspot.com.es","https:\/\/www.facebook.com\/brenda.lennox.92","https:\/\/www.instagram.com\/brenda.b.lennox\/","https:\/\/x.com\/@BrendaBLennox"],"url":"https:\/\/www.lelo.com\/es\/blog\/author\/brenda-b-lennox\/"}]}},"_links":{"self":[{"href":"https:\/\/www.lelo.com\/es\/blog\/wp-json\/wp\/v2\/posts\/18163","targetHints":{"allow":["GET"]}}],"collection":[{"href":"https:\/\/www.lelo.com\/es\/blog\/wp-json\/wp\/v2\/posts"}],"about":[{"href":"https:\/\/www.lelo.com\/es\/blog\/wp-json\/wp\/v2\/types\/post"}],"author":[{"embeddable":true,"href":"https:\/\/www.lelo.com\/es\/blog\/wp-json\/wp\/v2\/users\/38"}],"replies":[{"embeddable":true,"href":"https:\/\/www.lelo.com\/es\/blog\/wp-json\/wp\/v2\/comments?post=18163"}],"version-history":[{"count":4,"href":"https:\/\/www.lelo.com\/es\/blog\/wp-json\/wp\/v2\/posts\/18163\/revisions"}],"predecessor-version":[{"id":19128,"href":"https:\/\/www.lelo.com\/es\/blog\/wp-json\/wp\/v2\/posts\/18163\/revisions\/19128"}],"wp:featuredmedia":[{"embeddable":true,"href":"https:\/\/www.lelo.com\/es\/blog\/wp-json\/wp\/v2\/media\/19127"}],"wp:attachment":[{"href":"https:\/\/www.lelo.com\/es\/blog\/wp-json\/wp\/v2\/media?parent=18163"}],"wp:term":[{"taxonomy":"category","embeddable":true,"href":"https:\/\/www.lelo.com\/es\/blog\/wp-json\/wp\/v2\/categories?post=18163"},{"taxonomy":"post_tag","embeddable":true,"href":"https:\/\/www.lelo.com\/es\/blog\/wp-json\/wp\/v2\/tags?post=18163"},{"taxonomy":"author","embeddable":true,"href":"https:\/\/www.lelo.com\/es\/blog\/wp-json\/wp\/v2\/coauthors?post=18163"}],"curies":[{"name":"wp","href":"https:\/\/api.w.org\/{rel}","templated":true}]}}