{"id":1991,"date":"2014-11-14T14:28:42","date_gmt":"2014-11-14T06:28:42","guid":{"rendered":"https:\/\/dev.lelo.com\/es\/blog\/?p=1991"},"modified":"2022-12-29T10:59:13","modified_gmt":"2022-12-29T09:59:13","slug":"movember-y-el-dia-internacional-del-hombre","status":"publish","type":"post","link":"https:\/\/www.lelo.com\/es\/blog\/movember-y-el-dia-internacional-del-hombre\/","title":{"rendered":"Movember y el D\u00eda Internacional del Hombre"},"content":{"rendered":"<p>Movember. Si preguntamos por la calle lo m\u00e1s seguro es que nos digan que no sabemos pronunciar \u00abnoviembre\u00bb. En nuestro calendario, sin embargo, el und\u00e9cimo mes del a\u00f1o se escribe Movember porque queremos que se reduzca la tasa de mortalidad por c\u00e1ncer de pr\u00f3stata y por c\u00e1ncer genital. Adem\u00e1s, los hombres tambi\u00e9n tienen su D\u00eda Internacional el 19 de noviembre, excepto en Colombia que se celebra el 19 de marzo. \u00bfQuieres romper una lanza a favor de los hombres? Nosotras s\u00ed.<\/p>\n<p><em>Sigue leyendo&#8230;<\/em><\/p>\n<p><img fetchpriority=\"high\" decoding=\"async\" class=\"alignnone wp-image-19660 size-full\" title=\"Movember y el D\u00eda Internacional del Hombre\" src=\"https:\/\/www.lelo.com\/es\/blog\/wp-content\/uploads\/2014\/11\/Movember-featured-image-2.jpg\" alt=\"Noticias\" width=\"850\" height=\"425\" srcset=\"https:\/\/www.lelo.com\/es\/blog\/wp-content\/uploads\/2014\/11\/Movember-featured-image-2.jpg 850w, https:\/\/www.lelo.com\/es\/blog\/wp-content\/uploads\/2014\/11\/Movember-featured-image-2-300x150.jpg 300w, https:\/\/www.lelo.com\/es\/blog\/wp-content\/uploads\/2014\/11\/Movember-featured-image-2-768x384.jpg 768w, https:\/\/www.lelo.com\/es\/blog\/wp-content\/uploads\/2014\/11\/Movember-featured-image-2-770x385.jpg 770w\" sizes=\"(max-width: 850px) 100vw, 850px\" \/><\/p>\n<p>\u00bfHab\u00e9is visto el bigote en la imagen del art\u00edculo? Para que os hag\u00e1is una idea, equivale al lazo rosado del <strong><a href=\"https:\/\/lelo.com\/es\/blog\/el-yoga-como-arte\/\">Mes de Concienciaci\u00f3n sobre el C\u00e1ncer de Mama<\/a><\/strong>.<\/p>\n<h2><b><a href=\"https:\/\/es.movember.com\/\" target=\"_blank\" rel=\"noopener noreferrer\">Movember<\/a> <\/b><\/h2>\n<p>Es la organizaci\u00f3n mundial m\u00e1s comprometida en t\u00e9rminos de concienciaci\u00f3n sobre el c\u00e1ncer de pr\u00f3stata y el c\u00e1ncer testicular. Tiene un objetivo b\u00e1sico que es \u00abcambiar la cara de la salud masculina\u00bb. Para ello, todos los noviembres animan a los hombres a dejarse crecer un pulcro bigote durante todo el mes. Con ello, hacen una llamada internacional a la concienciaci\u00f3n no s\u00f3lo sobre los c\u00e1nceres de pr\u00f3stata y testicular, sino tambi\u00e9n sobre los efectos secundarios de los tratamientos.<\/p>\n<p>En t\u00e9rminos de prevenci\u00f3n y detecci\u00f3n, se aplican los mismos criterios que para el c\u00e1ncer de mama. El ejercicio f\u00edsico saludable juega un papel importante, y la detecci\u00f3n temprana aumenta las probabilidades de \u00e9xito del tratamiento. Con todo, queda mucho por recorrer y la organizaci\u00f3n Movember est\u00e1 ah\u00ed para record\u00e1rnoslo. Puedes contribuir desde su Website donde tambi\u00e9n encontrar\u00e1s una espl\u00e9ndida y talentosa campa\u00f1a de Marketing: convi\u00e9rtete en Mo Bro o en Mo Sista. \u00abEl conocimiento es poder\/El bigote es el rey\u00bb.<\/p>\n<p style=\"text-align: center;\"><iframe src=\"\/\/www.youtube.com\/embed\/yQeGKnzfrDQ\" width=\"400\" height=\"300\" frameborder=\"0\" allowfullscreen=\"allowfullscreen\"><\/iframe><\/p>\n<h2><b><a href=\"https:\/\/es.wikipedia.org\/wiki\/D%C3%ADa_Internacional_del_Hombre\" target=\"_blank\" rel=\"noopener noreferrer\">D\u00eda Internacional del\u00a0Hombre<\/a><\/b><\/h2>\n<p>A partir de 2009, el 19 de noviembre se celebra el D\u00eda Internacional del Hombre (DIH). \u00bfPor qu\u00e9? No est\u00e1 muy claro, pero parece que la raz\u00f3n es el gol n\u00famero 1.000 de Pel\u00e9, el 19 de noviembre de 1969 (en Colombia se celebra el 19 de marzo por ser el D\u00eda de San Jos\u00e9). Pero no nos confundamos, entre los objetivos que marca el Comit\u00e9 de Coordinaci\u00f3n del DIH se encuentra la promoci\u00f3n de modelos masculinos m\u00e1s all\u00e1 de las estrellas de cine y los deportistas. Hombres corrientes con vidas dignas que contribuyen imperceptible y\/o silentemente a la sociedad son precisamente los que tienen que relucir, sobre todo, en este d\u00eda. Dar a conocer la cara del g\u00e9nero masculino que es mucho m\u00e1s \u2013y son muchos m\u00e1s\u2013 que el machito de la discoteca o el violento machista que no deja respirar en el hogar. Este d\u00eda es para esa inmensa mayor\u00eda que ya ha aprendido a reconocer que son <a href=\"https:\/\/lelo.com\/es\/blog\/como-vives-el-sexo-sexo-en-femenino-cuerpo-alma-y-espiritu\/\"><strong>seres sensibles<\/strong><\/a> y saben renunciar a aquellos privilegios que \u2013gen\u00e9ricamente\u2013 se les otorga por su sexo. \u00abLos hombres que luchan contra el machismo son hombres que comparten la manera de entender el mundo con mujeres que luchan por la igualdad\u00bb. Y, <strong><a href=\"https:\/\/lelo.com\/es\/blog\/consejos-sexuales-dia-internacional-de-la-mujer\/\">como mujeres que luchamos por la igualdad<\/a><\/strong>, tambi\u00e9n tenemos que reconocer y celebrar este d\u00eda como parte de un triunfo conjunto.<\/p>\n<p style=\"text-align: center;\"><a class=\"twitter-share-button\" href=\"https:\/\/twitter.com\/share?ref_src=twsrc%5Etfw\" data-show-count=\"false\">Comp\u00e1rteme con un Re-Tweet<\/a><script async src=\"https:\/\/platform.twitter.com\/widgets.js\" charset=\"utf-8\"><\/script><\/p>\n<p>Te recomendamos leer este art\u00edculo de Val\u00e9rie Tasso: <a href=\"https:\/\/www.lelo.com\/es\/blog\/sexualidad-despues-de-un-cancer-de-prostata\/\"><strong>La sexualidad despu\u00e9s de un c\u00e1ncer de pr\u00f3stata<\/strong><\/a><\/p>\n","protected":false},"excerpt":{"rendered":"<p>Movember. Si preguntamos por la calle lo m\u00e1s seguro es que nos digan que no sabemos pronunciar \u00abnoviembre\u00bb. En nuestro calendario, sin embargo, el und\u00e9cimo mes del a\u00f1o se escribe Movember porque queremos que se reduzca la tasa de mortalidad por c\u00e1ncer de pr\u00f3stata y por c\u00e1ncer genital. Adem\u00e1s, los hombres tambi\u00e9n tienen su D\u00eda Internacional el 19 de noviembre, excepto en Colombia que se celebra el 19 de marzo. \u00bfQuieres romper una lanza a favor de los hombres? Nosotras [&hellip;]<\/p>\n","protected":false},"author":5,"featured_media":19660,"comment_status":"open","ping_status":"closed","sticky":false,"template":"","format":"standard","meta":{"_acf_changed":false,"footnotes":""},"categories":[430,1166],"tags":[445,1148,61],"coauthors":[1210],"class_list":["post-1991","post","type-post","status-publish","format-standard","has-post-thumbnail","hentry","category-bienestar-sexual","category-dias-internacionales-del-sexo","tag-consejos-sexuales","tag-dias-internacionales","tag-sexo"],"acf":[],"yoast_head":"<!-- This site is optimized with the Yoast SEO plugin v24.8.1 - https:\/\/yoast.com\/wordpress\/plugins\/seo\/ -->\n<title>Movember: conciencia del bienestar y la salud sexual masculina<\/title>\n<meta name=\"description\" content=\"D\u00eda Internacional del Hombre y Movember: un hombre no tiene por qu\u00e9 sufrir para ser hombre. Lucha contra el c\u00e1ncer de pr\u00f3stata y testicular.\" \/>\n<meta name=\"robots\" content=\"index, follow, max-snippet:-1, max-image-preview:large, max-video-preview:-1\" \/>\n<link rel=\"canonical\" href=\"https:\/\/www.lelo.com\/es\/blog\/movember-y-el-dia-internacional-del-hombre\/\" \/>\n<meta property=\"og:locale\" content=\"es_ES\" \/>\n<meta property=\"og:type\" content=\"article\" \/>\n<meta property=\"og:title\" content=\"Movember: conciencia del bienestar y la salud sexual masculina\" \/>\n<meta property=\"og:description\" content=\"D\u00eda Internacional del Hombre y Movember: un hombre no tiene por qu\u00e9 sufrir para ser hombre. Lucha contra el c\u00e1ncer de pr\u00f3stata y testicular.\" \/>\n<meta property=\"og:url\" content=\"https:\/\/www.lelo.com\/es\/blog\/movember-y-el-dia-internacional-del-hombre\/\" \/>\n<meta property=\"og:site_name\" content=\"Volont\u00e9\" \/>\n<meta property=\"article:publisher\" content=\"https:\/\/www.facebook.com\/LELO.lust.objectified\" \/>\n<meta property=\"article:author\" content=\"https:\/\/es-la.facebook.com\/people\/Ana-Ruiz\/100005183119122\" \/>\n<meta property=\"article:published_time\" content=\"2014-11-14T06:28:42+00:00\" \/>\n<meta property=\"article:modified_time\" content=\"2022-12-29T09:59:13+00:00\" \/>\n<meta property=\"og:image\" content=\"https:\/\/www.lelo.com\/es\/blog\/wp-content\/uploads\/2014\/11\/Movember-featured-image-2.jpg\" \/>\n\t<meta property=\"og:image:width\" content=\"850\" \/>\n\t<meta property=\"og:image:height\" content=\"425\" \/>\n\t<meta property=\"og:image:type\" content=\"image\/jpeg\" \/>\n<meta name=\"author\" content=\"Ana Ruiz\" \/>\n<meta name=\"twitter:card\" content=\"summary_large_image\" \/>\n<meta name=\"twitter:image\" content=\"https:\/\/www.lelo.com\/es\/blog\/wp-content\/uploads\/2014\/11\/Movember-featured-image-2.jpg\" \/>\n<meta name=\"twitter:creator\" content=\"@LELO_ES\" \/>\n<meta name=\"twitter:site\" content=\"@LELO_ES\" \/>\n<meta name=\"twitter:label1\" content=\"Escrito por\" \/>\n\t<meta name=\"twitter:data1\" content=\"Ana Ruiz\" \/>\n\t<meta name=\"twitter:label2\" content=\"Tiempo de lectura\" \/>\n\t<meta name=\"twitter:data2\" content=\"3 minutos\" \/>\n\t<meta name=\"twitter:label3\" content=\"Written by\" \/>\n\t<meta name=\"twitter:data3\" content=\"Ana Ruiz\" \/>\n<script type=\"application\/ld+json\" class=\"yoast-schema-graph\">{\"@context\":\"https:\/\/schema.org\",\"@graph\":[{\"@type\":\"WebPage\",\"@id\":\"https:\/\/www.lelo.com\/es\/blog\/movember-y-el-dia-internacional-del-hombre\/\",\"url\":\"https:\/\/www.lelo.com\/es\/blog\/movember-y-el-dia-internacional-del-hombre\/\",\"name\":\"Movember: conciencia del bienestar y la salud sexual masculina\",\"isPartOf\":{\"@id\":\"https:\/\/www.lelo.com\/es\/blog\/#website\"},\"primaryImageOfPage\":{\"@id\":\"https:\/\/www.lelo.com\/es\/blog\/movember-y-el-dia-internacional-del-hombre\/#primaryimage\"},\"image\":{\"@id\":\"https:\/\/www.lelo.com\/es\/blog\/movember-y-el-dia-internacional-del-hombre\/#primaryimage\"},\"thumbnailUrl\":\"https:\/\/www.lelo.com\/es\/blog\/wp-content\/uploads\/2014\/11\/Movember-featured-image-2.jpg\",\"datePublished\":\"2014-11-14T06:28:42+00:00\",\"dateModified\":\"2022-12-29T09:59:13+00:00\",\"author\":{\"@id\":\"https:\/\/www.lelo.com\/es\/blog\/#\/schema\/person\/4363dc975301eecac07fcd8a26996395\"},\"description\":\"D\u00eda Internacional del Hombre y Movember: un hombre no tiene por qu\u00e9 sufrir para ser hombre. Lucha contra el c\u00e1ncer de pr\u00f3stata y testicular.\",\"inLanguage\":\"es\",\"potentialAction\":[{\"@type\":\"ReadAction\",\"target\":[\"https:\/\/www.lelo.com\/es\/blog\/movember-y-el-dia-internacional-del-hombre\/\"]}]},{\"@type\":\"ImageObject\",\"inLanguage\":\"es\",\"@id\":\"https:\/\/www.lelo.com\/es\/blog\/movember-y-el-dia-internacional-del-hombre\/#primaryimage\",\"url\":\"https:\/\/www.lelo.com\/es\/blog\/wp-content\/uploads\/2014\/11\/Movember-featured-image-2.jpg\",\"contentUrl\":\"https:\/\/www.lelo.com\/es\/blog\/wp-content\/uploads\/2014\/11\/Movember-featured-image-2.jpg\",\"width\":850,\"height\":425,\"caption\":\"Noticias\"},{\"@type\":\"WebSite\",\"@id\":\"https:\/\/www.lelo.com\/es\/blog\/#website\",\"url\":\"https:\/\/www.lelo.com\/es\/blog\/\",\"name\":\"Volont\u00e9\",\"description\":\"Relatos er\u00f3ticos, juguetes er\u00f3ticos, Kamasutra, masturbaci\u00f3n, sexo oral, sexo anal, amor, pel\u00edculas er\u00f3ticas y consejos sexuales\",\"potentialAction\":[{\"@type\":\"SearchAction\",\"target\":{\"@type\":\"EntryPoint\",\"urlTemplate\":\"https:\/\/www.lelo.com\/es\/blog\/?s={search_term_string}\"},\"query-input\":{\"@type\":\"PropertyValueSpecification\",\"valueRequired\":true,\"valueName\":\"search_term_string\"}}],\"inLanguage\":\"es\"},{\"@type\":\"Person\",\"@id\":\"https:\/\/www.lelo.com\/es\/blog\/#\/schema\/person\/4363dc975301eecac07fcd8a26996395\",\"name\":\"Ana Ruiz\",\"image\":{\"@type\":\"ImageObject\",\"inLanguage\":\"es\",\"@id\":\"https:\/\/www.lelo.com\/es\/blog\/#\/schema\/person\/image\/f11a9948598702a13e2d71065bf546db\",\"url\":\"https:\/\/secure.gravatar.com\/avatar\/172341c16c0b3a44e01e572d494b2593?s=96&d=mm&r=pg\",\"contentUrl\":\"https:\/\/secure.gravatar.com\/avatar\/172341c16c0b3a44e01e572d494b2593?s=96&d=mm&r=pg\",\"caption\":\"Ana Ruiz\"},\"description\":\"Ana es escritora y madre de tres hijos. Reside en Barcelona la mayor parte del a\u00f1o, disfruta viajando y conociendo otras culturas y lugares, as\u00ed como asistiendo a congresos internacionales sobre su especialidad.\",\"sameAs\":[\"https:\/\/www.lelo.com\/es\/blog\/author\/ana-ruiz\/\",\"https:\/\/es-la.facebook.com\/people\/Ana-Ruiz\/100005183119122\",\"https:\/\/x.com\/LELO_ES\",\"https:\/\/www.youtube.com\/channel\/UCAmIs61DAZ56VqGm62XUehA\"],\"url\":\"https:\/\/www.lelo.com\/es\/blog\/author\/ana-ruiz\/\"}]}<\/script>\n<!-- \/ Yoast SEO plugin. -->","yoast_head_json":{"title":"Movember: conciencia del bienestar y la salud sexual masculina","description":"D\u00eda Internacional del Hombre y Movember: un hombre no tiene por qu\u00e9 sufrir para ser hombre. Lucha contra el c\u00e1ncer de pr\u00f3stata y testicular.","robots":{"index":"index","follow":"follow","max-snippet":"max-snippet:-1","max-image-preview":"max-image-preview:large","max-video-preview":"max-video-preview:-1"},"canonical":"https:\/\/www.lelo.com\/es\/blog\/movember-y-el-dia-internacional-del-hombre\/","og_locale":"es_ES","og_type":"article","og_title":"Movember: conciencia del bienestar y la salud sexual masculina","og_description":"D\u00eda Internacional del Hombre y Movember: un hombre no tiene por qu\u00e9 sufrir para ser hombre. Lucha contra el c\u00e1ncer de pr\u00f3stata y testicular.","og_url":"https:\/\/www.lelo.com\/es\/blog\/movember-y-el-dia-internacional-del-hombre\/","og_site_name":"Volont\u00e9","article_publisher":"https:\/\/www.facebook.com\/LELO.lust.objectified","article_author":"https:\/\/es-la.facebook.com\/people\/Ana-Ruiz\/100005183119122","article_published_time":"2014-11-14T06:28:42+00:00","article_modified_time":"2022-12-29T09:59:13+00:00","og_image":[{"width":850,"height":425,"url":"https:\/\/www.lelo.com\/es\/blog\/wp-content\/uploads\/2014\/11\/Movember-featured-image-2.jpg","type":"image\/jpeg"}],"author":"Ana Ruiz","twitter_card":"summary_large_image","twitter_image":"https:\/\/www.lelo.com\/es\/blog\/wp-content\/uploads\/2014\/11\/Movember-featured-image-2.jpg","twitter_creator":"@LELO_ES","twitter_site":"@LELO_ES","twitter_misc":{"Escrito por":"Ana Ruiz","Tiempo de lectura":"3 minutos","Written by":"Ana Ruiz"},"schema":{"@context":"https:\/\/schema.org","@graph":[{"@type":"WebPage","@id":"https:\/\/www.lelo.com\/es\/blog\/movember-y-el-dia-internacional-del-hombre\/","url":"https:\/\/www.lelo.com\/es\/blog\/movember-y-el-dia-internacional-del-hombre\/","name":"Movember: conciencia del bienestar y la salud sexual masculina","isPartOf":{"@id":"https:\/\/www.lelo.com\/es\/blog\/#website"},"primaryImageOfPage":{"@id":"https:\/\/www.lelo.com\/es\/blog\/movember-y-el-dia-internacional-del-hombre\/#primaryimage"},"image":{"@id":"https:\/\/www.lelo.com\/es\/blog\/movember-y-el-dia-internacional-del-hombre\/#primaryimage"},"thumbnailUrl":"https:\/\/www.lelo.com\/es\/blog\/wp-content\/uploads\/2014\/11\/Movember-featured-image-2.jpg","datePublished":"2014-11-14T06:28:42+00:00","dateModified":"2022-12-29T09:59:13+00:00","author":{"@id":"https:\/\/www.lelo.com\/es\/blog\/#\/schema\/person\/4363dc975301eecac07fcd8a26996395"},"description":"D\u00eda Internacional del Hombre y Movember: un hombre no tiene por qu\u00e9 sufrir para ser hombre. Lucha contra el c\u00e1ncer de pr\u00f3stata y testicular.","inLanguage":"es","potentialAction":[{"@type":"ReadAction","target":["https:\/\/www.lelo.com\/es\/blog\/movember-y-el-dia-internacional-del-hombre\/"]}]},{"@type":"ImageObject","inLanguage":"es","@id":"https:\/\/www.lelo.com\/es\/blog\/movember-y-el-dia-internacional-del-hombre\/#primaryimage","url":"https:\/\/www.lelo.com\/es\/blog\/wp-content\/uploads\/2014\/11\/Movember-featured-image-2.jpg","contentUrl":"https:\/\/www.lelo.com\/es\/blog\/wp-content\/uploads\/2014\/11\/Movember-featured-image-2.jpg","width":850,"height":425,"caption":"Noticias"},{"@type":"WebSite","@id":"https:\/\/www.lelo.com\/es\/blog\/#website","url":"https:\/\/www.lelo.com\/es\/blog\/","name":"Volont\u00e9","description":"Relatos er\u00f3ticos, juguetes er\u00f3ticos, Kamasutra, masturbaci\u00f3n, sexo oral, sexo anal, amor, pel\u00edculas er\u00f3ticas y consejos sexuales","potentialAction":[{"@type":"SearchAction","target":{"@type":"EntryPoint","urlTemplate":"https:\/\/www.lelo.com\/es\/blog\/?s={search_term_string}"},"query-input":{"@type":"PropertyValueSpecification","valueRequired":true,"valueName":"search_term_string"}}],"inLanguage":"es"},{"@type":"Person","@id":"https:\/\/www.lelo.com\/es\/blog\/#\/schema\/person\/4363dc975301eecac07fcd8a26996395","name":"Ana Ruiz","image":{"@type":"ImageObject","inLanguage":"es","@id":"https:\/\/www.lelo.com\/es\/blog\/#\/schema\/person\/image\/f11a9948598702a13e2d71065bf546db","url":"https:\/\/secure.gravatar.com\/avatar\/172341c16c0b3a44e01e572d494b2593?s=96&d=mm&r=pg","contentUrl":"https:\/\/secure.gravatar.com\/avatar\/172341c16c0b3a44e01e572d494b2593?s=96&d=mm&r=pg","caption":"Ana Ruiz"},"description":"Ana es escritora y madre de tres hijos. Reside en Barcelona la mayor parte del a\u00f1o, disfruta viajando y conociendo otras culturas y lugares, as\u00ed como asistiendo a congresos internacionales sobre su especialidad.","sameAs":["https:\/\/www.lelo.com\/es\/blog\/author\/ana-ruiz\/","https:\/\/es-la.facebook.com\/people\/Ana-Ruiz\/100005183119122","https:\/\/x.com\/LELO_ES","https:\/\/www.youtube.com\/channel\/UCAmIs61DAZ56VqGm62XUehA"],"url":"https:\/\/www.lelo.com\/es\/blog\/author\/ana-ruiz\/"}]}},"_links":{"self":[{"href":"https:\/\/www.lelo.com\/es\/blog\/wp-json\/wp\/v2\/posts\/1991","targetHints":{"allow":["GET"]}}],"collection":[{"href":"https:\/\/www.lelo.com\/es\/blog\/wp-json\/wp\/v2\/posts"}],"about":[{"href":"https:\/\/www.lelo.com\/es\/blog\/wp-json\/wp\/v2\/types\/post"}],"author":[{"embeddable":true,"href":"https:\/\/www.lelo.com\/es\/blog\/wp-json\/wp\/v2\/users\/5"}],"replies":[{"embeddable":true,"href":"https:\/\/www.lelo.com\/es\/blog\/wp-json\/wp\/v2\/comments?post=1991"}],"version-history":[{"count":18,"href":"https:\/\/www.lelo.com\/es\/blog\/wp-json\/wp\/v2\/posts\/1991\/revisions"}],"predecessor-version":[{"id":19662,"href":"https:\/\/www.lelo.com\/es\/blog\/wp-json\/wp\/v2\/posts\/1991\/revisions\/19662"}],"wp:featuredmedia":[{"embeddable":true,"href":"https:\/\/www.lelo.com\/es\/blog\/wp-json\/wp\/v2\/media\/19660"}],"wp:attachment":[{"href":"https:\/\/www.lelo.com\/es\/blog\/wp-json\/wp\/v2\/media?parent=1991"}],"wp:term":[{"taxonomy":"category","embeddable":true,"href":"https:\/\/www.lelo.com\/es\/blog\/wp-json\/wp\/v2\/categories?post=1991"},{"taxonomy":"post_tag","embeddable":true,"href":"https:\/\/www.lelo.com\/es\/blog\/wp-json\/wp\/v2\/tags?post=1991"},{"taxonomy":"author","embeddable":true,"href":"https:\/\/www.lelo.com\/es\/blog\/wp-json\/wp\/v2\/coauthors?post=1991"}],"curies":[{"name":"wp","href":"https:\/\/api.w.org\/{rel}","templated":true}]}}