{"id":4843,"date":"2016-02-17T17:41:15","date_gmt":"2016-02-17T09:41:15","guid":{"rendered":"https:\/\/dev.lelo.com\/es\/blog\/?p=4843"},"modified":"2026-03-11T16:59:09","modified_gmt":"2026-03-11T15:59:09","slug":"ropa-latex-vibradores-madrid-fashion-week","status":"publish","type":"post","link":"https:\/\/www.lelo.com\/es\/blog\/ropa-latex-vibradores-madrid-fashion-week\/","title":{"rendered":"Vibradores y l\u00e1tex en las pasarelas \u2013 LELO y MAD RUBB en Tresemm\u00e9 MFShow"},"content":{"rendered":"<p>\u00bf\u00a1Vibradores y l\u00e1tex en las pasarelas de <span id=\":1ei.co\" class=\"tL8wMe xAWnQc\" dir=\"ltr\">Tresemm\u00e9 MFShow<\/span>!? S\u00ed, as\u00ed fue. Todo el refinamiento, el mejor corte de l\u00e1tex y el dise\u00f1o de los objetos de placer suecos se volvieron a unir, el pasado 9 de febrero, esta vez en la gala del <a href=\"http:\/\/www.mfshow.es\/\" target=\"_blank\" rel=\"&quot;nofollow noopener\">MFShow<\/a>. Un contundente despliegue de pasi\u00f3n, que atrajo con sensual disciplina a tod@s l@s asistentes.<\/p>\n<p>No te pierdas el poder\u00edo del l\u00e1tex en 36 fotograf\u00edas y un elegante v\u00eddeo del evento.<\/p>\n<figure id=\"attachment_5626\" aria-describedby=\"caption-attachment-5626\" style=\"width: 660px\" class=\"wp-caption aligncenter\"><a href=\"https:\/\/lelo.com\/es\/blog\/wp-content\/uploads\/2016\/02\/Ropa-de-l\u00e1tex-y-vibradores-en-Madrid-Fashion-Week.jpg\" target=\"_blank\" rel=\"noopener\"><img fetchpriority=\"high\" decoding=\"async\" class=\"wp-image-5626 size-full\" src=\"https:\/\/lelo.com\/es\/blog\/wp-content\/uploads\/2016\/02\/Ropa-de-l\u00e1tex-y-vibradores-en-Madrid-Fashion-Week.jpg\" alt=\"Ropa de l\u00e1tex y vibradores LELO en Tresemm\u00e9 MFShow\" width=\"660\" height=\"330\" srcset=\"https:\/\/www.lelo.com\/es\/blog\/wp-content\/uploads\/2016\/02\/Ropa-de-l\u00e1tex-y-vibradores-en-Madrid-Fashion-Week.jpg 660w, https:\/\/www.lelo.com\/es\/blog\/wp-content\/uploads\/2016\/02\/Ropa-de-l\u00e1tex-y-vibradores-en-Madrid-Fashion-Week-300x150.jpg 300w\" sizes=\"(max-width: 660px) 100vw, 660px\" \/><\/a><figcaption id=\"caption-attachment-5626\" class=\"wp-caption-text\">Tresemm\u00e9 MFShow<\/figcaption><\/figure>\n<p>La colecci\u00f3n \u00dcBER de <a href=\"http:\/\/www.madridrubber.com\/\" target=\"_blank\" rel=\"&quot;nofollow noopener\">MAD RUBB<\/a> fue una muestra de pasi\u00f3n guerrera, con inspiraci\u00f3n en cortes militares y hero\u00ednas del comic. Una bellas y contundentes formas que traduc\u00edan el significado del calificativo alem\u00e1n <em>\u00fcber <\/em>(ejemplo sobresaliente o superior de una clase particular de persona o cosa) en la representaci\u00f3n superlativa de la mujer a trav\u00e9s del control de su vida, sus sue\u00f1os y su sexualidad, sin prejuicios o barreras.<\/p>\n<p style=\"text-align: center;\"><em>Haz clic\u00a0en la primera fotograf\u00eda. Cuando se cargue la foto, tienes la opci\u00f3n de\u00a0pinchar play y reproducir autom\u00e1ticamente, en la parte inferior izquierda; tambi\u00e9n, puedes seleccionar pantalla completa, en la parte superior derecha. Usa Esc para salir. Disfruta.<\/em><\/p>\n<div id='gallery-1' class='gallery galleryid-4843 gallery-columns-4 gallery-size-thumbnail'><figure class='gallery-item'>\n\t\t\t<div class='gallery-icon portrait'>\n\t\t\t\t<a href='https:\/\/www.lelo.com\/es\/blog\/wp-content\/uploads\/2016\/02\/Madrubb_1339533.jpg'><img decoding=\"async\" width=\"300\" height=\"150\" src=\"https:\/\/www.lelo.com\/es\/blog\/wp-content\/uploads\/2016\/02\/Madrubb_1339533-300x150.jpg\" class=\"attachment-thumbnail size-thumbnail\" alt=\"Ropa de l\u00e1tex y vibradores LELO en Madrid Fashion Week\" aria-describedby=\"gallery-1-5518\" srcset=\"https:\/\/www.lelo.com\/es\/blog\/wp-content\/uploads\/2016\/02\/Madrubb_1339533-300x150.jpg 300w, https:\/\/www.lelo.com\/es\/blog\/wp-content\/uploads\/2016\/02\/Madrubb_1339533-660x330.jpg 660w, https:\/\/www.lelo.com\/es\/blog\/wp-content\/uploads\/2016\/02\/Madrubb_1339533-995x498.jpg 995w\" sizes=\"(max-width: 300px) 100vw, 300px\" \/><\/a>\n\t\t\t<\/div>\n\t\t\t\t<figcaption class='wp-caption-text gallery-caption' id='gallery-1-5518'>\n\t\t\t\tTresemm\u00e9 MFShow\n\t\t\t\t<\/figcaption><\/figure><figure class='gallery-item'>\n\t\t\t<div class='gallery-icon portrait'>\n\t\t\t\t<a href='https:\/\/www.lelo.com\/es\/blog\/wp-content\/uploads\/2016\/02\/Madrubb_1339535.jpg'><img decoding=\"async\" width=\"300\" height=\"150\" src=\"https:\/\/www.lelo.com\/es\/blog\/wp-content\/uploads\/2016\/02\/Madrubb_1339535-300x150.jpg\" class=\"attachment-thumbnail size-thumbnail\" alt=\"Ropa de l\u00e1tex y vibradores LELO en Madrid Fashion Week\" aria-describedby=\"gallery-1-5521\" srcset=\"https:\/\/www.lelo.com\/es\/blog\/wp-content\/uploads\/2016\/02\/Madrubb_1339535-300x150.jpg 300w, https:\/\/www.lelo.com\/es\/blog\/wp-content\/uploads\/2016\/02\/Madrubb_1339535-660x330.jpg 660w, https:\/\/www.lelo.com\/es\/blog\/wp-content\/uploads\/2016\/02\/Madrubb_1339535-995x498.jpg 995w\" sizes=\"(max-width: 300px) 100vw, 300px\" \/><\/a>\n\t\t\t<\/div>\n\t\t\t\t<figcaption class='wp-caption-text gallery-caption' id='gallery-1-5521'>\n\t\t\t\tTresemm\u00e9 MFShow\n\t\t\t\t<\/figcaption><\/figure><figure class='gallery-item'>\n\t\t\t<div class='gallery-icon portrait'>\n\t\t\t\t<a href='https:\/\/www.lelo.com\/es\/blog\/wp-content\/uploads\/2016\/02\/Madrubb_1339537.jpg'><img loading=\"lazy\" decoding=\"async\" width=\"300\" height=\"150\" src=\"https:\/\/www.lelo.com\/es\/blog\/wp-content\/uploads\/2016\/02\/Madrubb_1339537-300x150.jpg\" class=\"attachment-thumbnail size-thumbnail\" alt=\"Ropa de l\u00e1tex y vibradores LELO en Madrid Fashion Week\" aria-describedby=\"gallery-1-5524\" srcset=\"https:\/\/www.lelo.com\/es\/blog\/wp-content\/uploads\/2016\/02\/Madrubb_1339537-300x150.jpg 300w, https:\/\/www.lelo.com\/es\/blog\/wp-content\/uploads\/2016\/02\/Madrubb_1339537-660x330.jpg 660w, https:\/\/www.lelo.com\/es\/blog\/wp-content\/uploads\/2016\/02\/Madrubb_1339537-995x498.jpg 995w\" sizes=\"(max-width: 300px) 100vw, 300px\" \/><\/a>\n\t\t\t<\/div>\n\t\t\t\t<figcaption class='wp-caption-text gallery-caption' id='gallery-1-5524'>\n\t\t\t\tTresemm\u00e9 MFShow\n\t\t\t\t<\/figcaption><\/figure><figure class='gallery-item'>\n\t\t\t<div class='gallery-icon portrait'>\n\t\t\t\t<a href='https:\/\/www.lelo.com\/es\/blog\/wp-content\/uploads\/2016\/02\/Madrubb_1339540.jpg'><img loading=\"lazy\" decoding=\"async\" width=\"300\" height=\"150\" src=\"https:\/\/www.lelo.com\/es\/blog\/wp-content\/uploads\/2016\/02\/Madrubb_1339540-300x150.jpg\" class=\"attachment-thumbnail size-thumbnail\" alt=\"Ropa de l\u00e1tex y vibradores LELO en Madrid Fashion Week\" aria-describedby=\"gallery-1-5527\" srcset=\"https:\/\/www.lelo.com\/es\/blog\/wp-content\/uploads\/2016\/02\/Madrubb_1339540-300x150.jpg 300w, https:\/\/www.lelo.com\/es\/blog\/wp-content\/uploads\/2016\/02\/Madrubb_1339540-660x330.jpg 660w, https:\/\/www.lelo.com\/es\/blog\/wp-content\/uploads\/2016\/02\/Madrubb_1339540-995x498.jpg 995w\" sizes=\"(max-width: 300px) 100vw, 300px\" \/><\/a>\n\t\t\t<\/div>\n\t\t\t\t<figcaption class='wp-caption-text gallery-caption' id='gallery-1-5527'>\n\t\t\t\tTresemm\u00e9 MFShow\n\t\t\t\t<\/figcaption><\/figure><figure class='gallery-item'>\n\t\t\t<div class='gallery-icon portrait'>\n\t\t\t\t<a href='https:\/\/www.lelo.com\/es\/blog\/wp-content\/uploads\/2016\/02\/Madrubb_1339542.jpg'><img loading=\"lazy\" decoding=\"async\" width=\"300\" height=\"150\" src=\"https:\/\/www.lelo.com\/es\/blog\/wp-content\/uploads\/2016\/02\/Madrubb_1339542-300x150.jpg\" class=\"attachment-thumbnail size-thumbnail\" alt=\"Ropa de l\u00e1tex y vibradores LELO en Madrid Fashion Week\" aria-describedby=\"gallery-1-5530\" srcset=\"https:\/\/www.lelo.com\/es\/blog\/wp-content\/uploads\/2016\/02\/Madrubb_1339542-300x150.jpg 300w, https:\/\/www.lelo.com\/es\/blog\/wp-content\/uploads\/2016\/02\/Madrubb_1339542-660x330.jpg 660w, https:\/\/www.lelo.com\/es\/blog\/wp-content\/uploads\/2016\/02\/Madrubb_1339542-995x498.jpg 995w\" sizes=\"(max-width: 300px) 100vw, 300px\" \/><\/a>\n\t\t\t<\/div>\n\t\t\t\t<figcaption class='wp-caption-text gallery-caption' id='gallery-1-5530'>\n\t\t\t\tTresemm\u00e9 MFShow\n\t\t\t\t<\/figcaption><\/figure><figure class='gallery-item'>\n\t\t\t<div class='gallery-icon portrait'>\n\t\t\t\t<a href='https:\/\/www.lelo.com\/es\/blog\/wp-content\/uploads\/2016\/02\/Madrubb_1339544.jpg'><img loading=\"lazy\" decoding=\"async\" width=\"300\" height=\"150\" src=\"https:\/\/www.lelo.com\/es\/blog\/wp-content\/uploads\/2016\/02\/Madrubb_1339544-300x150.jpg\" class=\"attachment-thumbnail size-thumbnail\" alt=\"Ropa de l\u00e1tex y vibradores LELO en Madrid Fashion Week\" aria-describedby=\"gallery-1-5533\" srcset=\"https:\/\/www.lelo.com\/es\/blog\/wp-content\/uploads\/2016\/02\/Madrubb_1339544-300x150.jpg 300w, https:\/\/www.lelo.com\/es\/blog\/wp-content\/uploads\/2016\/02\/Madrubb_1339544-660x330.jpg 660w, https:\/\/www.lelo.com\/es\/blog\/wp-content\/uploads\/2016\/02\/Madrubb_1339544-995x498.jpg 995w\" sizes=\"(max-width: 300px) 100vw, 300px\" \/><\/a>\n\t\t\t<\/div>\n\t\t\t\t<figcaption class='wp-caption-text gallery-caption' id='gallery-1-5533'>\n\t\t\t\tTresemm\u00e9 MFShow\n\t\t\t\t<\/figcaption><\/figure><figure class='gallery-item'>\n\t\t\t<div class='gallery-icon portrait'>\n\t\t\t\t<a href='https:\/\/www.lelo.com\/es\/blog\/wp-content\/uploads\/2016\/02\/Madrubb_1339546.jpg'><img loading=\"lazy\" decoding=\"async\" width=\"300\" height=\"150\" src=\"https:\/\/www.lelo.com\/es\/blog\/wp-content\/uploads\/2016\/02\/Madrubb_1339546-300x150.jpg\" class=\"attachment-thumbnail size-thumbnail\" alt=\"Ropa de l\u00e1tex y vibradores LELO en Madrid Fashion Week\" aria-describedby=\"gallery-1-5536\" srcset=\"https:\/\/www.lelo.com\/es\/blog\/wp-content\/uploads\/2016\/02\/Madrubb_1339546-300x150.jpg 300w, https:\/\/www.lelo.com\/es\/blog\/wp-content\/uploads\/2016\/02\/Madrubb_1339546-660x330.jpg 660w, https:\/\/www.lelo.com\/es\/blog\/wp-content\/uploads\/2016\/02\/Madrubb_1339546-995x498.jpg 995w\" sizes=\"(max-width: 300px) 100vw, 300px\" \/><\/a>\n\t\t\t<\/div>\n\t\t\t\t<figcaption class='wp-caption-text gallery-caption' id='gallery-1-5536'>\n\t\t\t\tTresemm\u00e9 MFShow\n\t\t\t\t<\/figcaption><\/figure><figure class='gallery-item'>\n\t\t\t<div class='gallery-icon portrait'>\n\t\t\t\t<a href='https:\/\/www.lelo.com\/es\/blog\/wp-content\/uploads\/2016\/02\/Madrubb_1339549.jpg'><img loading=\"lazy\" decoding=\"async\" width=\"300\" height=\"150\" src=\"https:\/\/www.lelo.com\/es\/blog\/wp-content\/uploads\/2016\/02\/Madrubb_1339549-300x150.jpg\" class=\"attachment-thumbnail size-thumbnail\" alt=\"Ropa de l\u00e1tex y vibradores LELO en Madrid Fashion Week\" aria-describedby=\"gallery-1-5539\" srcset=\"https:\/\/www.lelo.com\/es\/blog\/wp-content\/uploads\/2016\/02\/Madrubb_1339549-300x150.jpg 300w, https:\/\/www.lelo.com\/es\/blog\/wp-content\/uploads\/2016\/02\/Madrubb_1339549-660x330.jpg 660w, https:\/\/www.lelo.com\/es\/blog\/wp-content\/uploads\/2016\/02\/Madrubb_1339549-995x498.jpg 995w\" sizes=\"(max-width: 300px) 100vw, 300px\" \/><\/a>\n\t\t\t<\/div>\n\t\t\t\t<figcaption class='wp-caption-text gallery-caption' id='gallery-1-5539'>\n\t\t\t\tTresemm\u00e9 MFShow\n\t\t\t\t<\/figcaption><\/figure><figure class='gallery-item'>\n\t\t\t<div class='gallery-icon portrait'>\n\t\t\t\t<a href='https:\/\/www.lelo.com\/es\/blog\/wp-content\/uploads\/2016\/02\/Madrubb_1339551.jpg'><img loading=\"lazy\" decoding=\"async\" width=\"300\" height=\"150\" src=\"https:\/\/www.lelo.com\/es\/blog\/wp-content\/uploads\/2016\/02\/Madrubb_1339551-300x150.jpg\" class=\"attachment-thumbnail size-thumbnail\" alt=\"Ropa de l\u00e1tex y vibradores LELO en Madrid Fashion Week\" aria-describedby=\"gallery-1-5542\" srcset=\"https:\/\/www.lelo.com\/es\/blog\/wp-content\/uploads\/2016\/02\/Madrubb_1339551-300x150.jpg 300w, https:\/\/www.lelo.com\/es\/blog\/wp-content\/uploads\/2016\/02\/Madrubb_1339551-660x330.jpg 660w, https:\/\/www.lelo.com\/es\/blog\/wp-content\/uploads\/2016\/02\/Madrubb_1339551-995x498.jpg 995w\" sizes=\"(max-width: 300px) 100vw, 300px\" \/><\/a>\n\t\t\t<\/div>\n\t\t\t\t<figcaption class='wp-caption-text gallery-caption' id='gallery-1-5542'>\n\t\t\t\tTresemm\u00e9 MFShow\n\t\t\t\t<\/figcaption><\/figure><figure class='gallery-item'>\n\t\t\t<div class='gallery-icon portrait'>\n\t\t\t\t<a href='https:\/\/www.lelo.com\/es\/blog\/wp-content\/uploads\/2016\/02\/Madrubb_1339554.jpg'><img loading=\"lazy\" decoding=\"async\" width=\"300\" height=\"150\" src=\"https:\/\/www.lelo.com\/es\/blog\/wp-content\/uploads\/2016\/02\/Madrubb_1339554-300x150.jpg\" class=\"attachment-thumbnail size-thumbnail\" alt=\"Ropa de l\u00e1tex y vibradores LELO en Madrid Fashion Week\" aria-describedby=\"gallery-1-5545\" srcset=\"https:\/\/www.lelo.com\/es\/blog\/wp-content\/uploads\/2016\/02\/Madrubb_1339554-300x150.jpg 300w, https:\/\/www.lelo.com\/es\/blog\/wp-content\/uploads\/2016\/02\/Madrubb_1339554-660x330.jpg 660w, https:\/\/www.lelo.com\/es\/blog\/wp-content\/uploads\/2016\/02\/Madrubb_1339554-995x498.jpg 995w\" sizes=\"(max-width: 300px) 100vw, 300px\" \/><\/a>\n\t\t\t<\/div>\n\t\t\t\t<figcaption class='wp-caption-text gallery-caption' id='gallery-1-5545'>\n\t\t\t\tTresemm\u00e9 MFShow\n\t\t\t\t<\/figcaption><\/figure><figure class='gallery-item'>\n\t\t\t<div class='gallery-icon portrait'>\n\t\t\t\t<a href='https:\/\/www.lelo.com\/es\/blog\/wp-content\/uploads\/2016\/02\/Madrubb_1339555.jpg'><img loading=\"lazy\" decoding=\"async\" width=\"300\" height=\"150\" src=\"https:\/\/www.lelo.com\/es\/blog\/wp-content\/uploads\/2016\/02\/Madrubb_1339555-300x150.jpg\" class=\"attachment-thumbnail size-thumbnail\" alt=\"Ropa de l\u00e1tex y vibradores LELO en Madrid Fashion Week\" aria-describedby=\"gallery-1-5548\" srcset=\"https:\/\/www.lelo.com\/es\/blog\/wp-content\/uploads\/2016\/02\/Madrubb_1339555-300x150.jpg 300w, https:\/\/www.lelo.com\/es\/blog\/wp-content\/uploads\/2016\/02\/Madrubb_1339555-660x330.jpg 660w, https:\/\/www.lelo.com\/es\/blog\/wp-content\/uploads\/2016\/02\/Madrubb_1339555-995x498.jpg 995w\" sizes=\"(max-width: 300px) 100vw, 300px\" \/><\/a>\n\t\t\t<\/div>\n\t\t\t\t<figcaption class='wp-caption-text gallery-caption' id='gallery-1-5548'>\n\t\t\t\tTresemm\u00e9 MFShow\n\t\t\t\t<\/figcaption><\/figure><figure class='gallery-item'>\n\t\t\t<div class='gallery-icon portrait'>\n\t\t\t\t<a href='https:\/\/www.lelo.com\/es\/blog\/wp-content\/uploads\/2016\/02\/Madrubb_1339558.jpg'><img loading=\"lazy\" decoding=\"async\" width=\"300\" height=\"150\" src=\"https:\/\/www.lelo.com\/es\/blog\/wp-content\/uploads\/2016\/02\/Madrubb_1339558-300x150.jpg\" class=\"attachment-thumbnail size-thumbnail\" alt=\"Ropa de l\u00e1tex y vibradores LELO en Madrid Fashion Week\" aria-describedby=\"gallery-1-5551\" srcset=\"https:\/\/www.lelo.com\/es\/blog\/wp-content\/uploads\/2016\/02\/Madrubb_1339558-300x150.jpg 300w, https:\/\/www.lelo.com\/es\/blog\/wp-content\/uploads\/2016\/02\/Madrubb_1339558-660x330.jpg 660w, https:\/\/www.lelo.com\/es\/blog\/wp-content\/uploads\/2016\/02\/Madrubb_1339558-995x498.jpg 995w\" sizes=\"(max-width: 300px) 100vw, 300px\" \/><\/a>\n\t\t\t<\/div>\n\t\t\t\t<figcaption class='wp-caption-text gallery-caption' id='gallery-1-5551'>\n\t\t\t\tTresemm\u00e9 MFShow\n\t\t\t\t<\/figcaption><\/figure><figure class='gallery-item'>\n\t\t\t<div class='gallery-icon portrait'>\n\t\t\t\t<a href='https:\/\/www.lelo.com\/es\/blog\/wp-content\/uploads\/2016\/02\/Madrubb_1339563.jpg'><img loading=\"lazy\" decoding=\"async\" width=\"300\" height=\"150\" src=\"https:\/\/www.lelo.com\/es\/blog\/wp-content\/uploads\/2016\/02\/Madrubb_1339563-300x150.jpg\" class=\"attachment-thumbnail size-thumbnail\" alt=\"Ropa de l\u00e1tex y vibradores LELO en Madrid Fashion Week\" aria-describedby=\"gallery-1-5554\" srcset=\"https:\/\/www.lelo.com\/es\/blog\/wp-content\/uploads\/2016\/02\/Madrubb_1339563-300x150.jpg 300w, https:\/\/www.lelo.com\/es\/blog\/wp-content\/uploads\/2016\/02\/Madrubb_1339563-660x330.jpg 660w, https:\/\/www.lelo.com\/es\/blog\/wp-content\/uploads\/2016\/02\/Madrubb_1339563-995x498.jpg 995w\" sizes=\"(max-width: 300px) 100vw, 300px\" \/><\/a>\n\t\t\t<\/div>\n\t\t\t\t<figcaption class='wp-caption-text gallery-caption' id='gallery-1-5554'>\n\t\t\t\tTresemm\u00e9 MFShow\n\t\t\t\t<\/figcaption><\/figure><figure class='gallery-item'>\n\t\t\t<div class='gallery-icon portrait'>\n\t\t\t\t<a href='https:\/\/www.lelo.com\/es\/blog\/wp-content\/uploads\/2016\/02\/Madrubb_1339566.jpg'><img loading=\"lazy\" decoding=\"async\" width=\"300\" height=\"150\" src=\"https:\/\/www.lelo.com\/es\/blog\/wp-content\/uploads\/2016\/02\/Madrubb_1339566-300x150.jpg\" class=\"attachment-thumbnail size-thumbnail\" alt=\"Ropa de l\u00e1tex y vibradores LELO en Madrid Fashion Week\" aria-describedby=\"gallery-1-5557\" srcset=\"https:\/\/www.lelo.com\/es\/blog\/wp-content\/uploads\/2016\/02\/Madrubb_1339566-300x150.jpg 300w, https:\/\/www.lelo.com\/es\/blog\/wp-content\/uploads\/2016\/02\/Madrubb_1339566-660x330.jpg 660w, https:\/\/www.lelo.com\/es\/blog\/wp-content\/uploads\/2016\/02\/Madrubb_1339566-995x498.jpg 995w\" sizes=\"(max-width: 300px) 100vw, 300px\" \/><\/a>\n\t\t\t<\/div>\n\t\t\t\t<figcaption class='wp-caption-text gallery-caption' id='gallery-1-5557'>\n\t\t\t\tTresemm\u00e9 MFShow\n\t\t\t\t<\/figcaption><\/figure><figure class='gallery-item'>\n\t\t\t<div class='gallery-icon portrait'>\n\t\t\t\t<a href='https:\/\/www.lelo.com\/es\/blog\/wp-content\/uploads\/2016\/02\/Madrubb_1339567.jpg'><img loading=\"lazy\" decoding=\"async\" width=\"300\" height=\"150\" src=\"https:\/\/www.lelo.com\/es\/blog\/wp-content\/uploads\/2016\/02\/Madrubb_1339567-300x150.jpg\" class=\"attachment-thumbnail size-thumbnail\" alt=\"Ropa de l\u00e1tex y vibradores LELO en Madrid Fashion Week\" aria-describedby=\"gallery-1-5560\" srcset=\"https:\/\/www.lelo.com\/es\/blog\/wp-content\/uploads\/2016\/02\/Madrubb_1339567-300x150.jpg 300w, https:\/\/www.lelo.com\/es\/blog\/wp-content\/uploads\/2016\/02\/Madrubb_1339567-660x330.jpg 660w, https:\/\/www.lelo.com\/es\/blog\/wp-content\/uploads\/2016\/02\/Madrubb_1339567-995x498.jpg 995w\" sizes=\"(max-width: 300px) 100vw, 300px\" \/><\/a>\n\t\t\t<\/div>\n\t\t\t\t<figcaption class='wp-caption-text gallery-caption' id='gallery-1-5560'>\n\t\t\t\tTresemm\u00e9 MFShow\n\t\t\t\t<\/figcaption><\/figure><figure class='gallery-item'>\n\t\t\t<div class='gallery-icon portrait'>\n\t\t\t\t<a href='https:\/\/www.lelo.com\/es\/blog\/wp-content\/uploads\/2016\/02\/Madrubb_1339570.jpg'><img loading=\"lazy\" decoding=\"async\" width=\"300\" height=\"150\" src=\"https:\/\/www.lelo.com\/es\/blog\/wp-content\/uploads\/2016\/02\/Madrubb_1339570-300x150.jpg\" class=\"attachment-thumbnail size-thumbnail\" alt=\"Ropa de l\u00e1tex y vibradores LELO en Madrid Fashion Week\" aria-describedby=\"gallery-1-5563\" srcset=\"https:\/\/www.lelo.com\/es\/blog\/wp-content\/uploads\/2016\/02\/Madrubb_1339570-300x150.jpg 300w, https:\/\/www.lelo.com\/es\/blog\/wp-content\/uploads\/2016\/02\/Madrubb_1339570-660x330.jpg 660w, https:\/\/www.lelo.com\/es\/blog\/wp-content\/uploads\/2016\/02\/Madrubb_1339570-995x498.jpg 995w\" sizes=\"(max-width: 300px) 100vw, 300px\" \/><\/a>\n\t\t\t<\/div>\n\t\t\t\t<figcaption class='wp-caption-text gallery-caption' id='gallery-1-5563'>\n\t\t\t\tTresemm\u00e9 MFShow\n\t\t\t\t<\/figcaption><\/figure><figure class='gallery-item'>\n\t\t\t<div class='gallery-icon portrait'>\n\t\t\t\t<a href='https:\/\/www.lelo.com\/es\/blog\/wp-content\/uploads\/2016\/02\/Madrubb_1339571.jpg'><img loading=\"lazy\" decoding=\"async\" width=\"300\" height=\"150\" src=\"https:\/\/www.lelo.com\/es\/blog\/wp-content\/uploads\/2016\/02\/Madrubb_1339571-300x150.jpg\" class=\"attachment-thumbnail size-thumbnail\" alt=\"Ropa de l\u00e1tex y vibradores LELO en Madrid Fashion Week\" aria-describedby=\"gallery-1-5566\" srcset=\"https:\/\/www.lelo.com\/es\/blog\/wp-content\/uploads\/2016\/02\/Madrubb_1339571-300x150.jpg 300w, https:\/\/www.lelo.com\/es\/blog\/wp-content\/uploads\/2016\/02\/Madrubb_1339571-660x330.jpg 660w, https:\/\/www.lelo.com\/es\/blog\/wp-content\/uploads\/2016\/02\/Madrubb_1339571-995x498.jpg 995w\" sizes=\"(max-width: 300px) 100vw, 300px\" \/><\/a>\n\t\t\t<\/div>\n\t\t\t\t<figcaption class='wp-caption-text gallery-caption' id='gallery-1-5566'>\n\t\t\t\tTresemm\u00e9 MFShow\n\t\t\t\t<\/figcaption><\/figure><figure class='gallery-item'>\n\t\t\t<div class='gallery-icon portrait'>\n\t\t\t\t<a href='https:\/\/www.lelo.com\/es\/blog\/wp-content\/uploads\/2016\/02\/Madrubb_1339573.jpg'><img loading=\"lazy\" decoding=\"async\" width=\"300\" height=\"150\" src=\"https:\/\/www.lelo.com\/es\/blog\/wp-content\/uploads\/2016\/02\/Madrubb_1339573-300x150.jpg\" class=\"attachment-thumbnail size-thumbnail\" alt=\"Ropa de l\u00e1tex y vibradores LELO en Madrid Fashion Week\" aria-describedby=\"gallery-1-5569\" srcset=\"https:\/\/www.lelo.com\/es\/blog\/wp-content\/uploads\/2016\/02\/Madrubb_1339573-300x150.jpg 300w, https:\/\/www.lelo.com\/es\/blog\/wp-content\/uploads\/2016\/02\/Madrubb_1339573-660x330.jpg 660w, https:\/\/www.lelo.com\/es\/blog\/wp-content\/uploads\/2016\/02\/Madrubb_1339573-995x498.jpg 995w\" sizes=\"(max-width: 300px) 100vw, 300px\" \/><\/a>\n\t\t\t<\/div>\n\t\t\t\t<figcaption class='wp-caption-text gallery-caption' id='gallery-1-5569'>\n\t\t\t\tTresemm\u00e9 MFShow\n\t\t\t\t<\/figcaption><\/figure><figure class='gallery-item'>\n\t\t\t<div class='gallery-icon portrait'>\n\t\t\t\t<a href='https:\/\/www.lelo.com\/es\/blog\/wp-content\/uploads\/2016\/02\/Madrubb_1339574.jpg'><img loading=\"lazy\" decoding=\"async\" width=\"300\" height=\"150\" src=\"https:\/\/www.lelo.com\/es\/blog\/wp-content\/uploads\/2016\/02\/Madrubb_1339574-300x150.jpg\" class=\"attachment-thumbnail size-thumbnail\" alt=\"Ropa de l\u00e1tex y vibradores LELO en Madrid Fashion Week\" aria-describedby=\"gallery-1-5572\" srcset=\"https:\/\/www.lelo.com\/es\/blog\/wp-content\/uploads\/2016\/02\/Madrubb_1339574-300x150.jpg 300w, https:\/\/www.lelo.com\/es\/blog\/wp-content\/uploads\/2016\/02\/Madrubb_1339574-660x330.jpg 660w, https:\/\/www.lelo.com\/es\/blog\/wp-content\/uploads\/2016\/02\/Madrubb_1339574-995x498.jpg 995w\" sizes=\"(max-width: 300px) 100vw, 300px\" \/><\/a>\n\t\t\t<\/div>\n\t\t\t\t<figcaption class='wp-caption-text gallery-caption' id='gallery-1-5572'>\n\t\t\t\tTresemm\u00e9 MFShow\n\t\t\t\t<\/figcaption><\/figure><figure class='gallery-item'>\n\t\t\t<div class='gallery-icon portrait'>\n\t\t\t\t<a href='https:\/\/www.lelo.com\/es\/blog\/wp-content\/uploads\/2016\/02\/Madrubb_1339577.jpg'><img loading=\"lazy\" decoding=\"async\" width=\"300\" height=\"150\" src=\"https:\/\/www.lelo.com\/es\/blog\/wp-content\/uploads\/2016\/02\/Madrubb_1339577-300x150.jpg\" class=\"attachment-thumbnail size-thumbnail\" alt=\"Ropa de l\u00e1tex y vibradores LELO en Madrid Fashion Week\" aria-describedby=\"gallery-1-5575\" srcset=\"https:\/\/www.lelo.com\/es\/blog\/wp-content\/uploads\/2016\/02\/Madrubb_1339577-300x150.jpg 300w, https:\/\/www.lelo.com\/es\/blog\/wp-content\/uploads\/2016\/02\/Madrubb_1339577-660x330.jpg 660w, https:\/\/www.lelo.com\/es\/blog\/wp-content\/uploads\/2016\/02\/Madrubb_1339577-995x498.jpg 995w\" sizes=\"(max-width: 300px) 100vw, 300px\" \/><\/a>\n\t\t\t<\/div>\n\t\t\t\t<figcaption class='wp-caption-text gallery-caption' id='gallery-1-5575'>\n\t\t\t\tTresemm\u00e9 MFShow\n\t\t\t\t<\/figcaption><\/figure><figure class='gallery-item'>\n\t\t\t<div class='gallery-icon portrait'>\n\t\t\t\t<a href='https:\/\/www.lelo.com\/es\/blog\/wp-content\/uploads\/2016\/02\/Madrubb_1339580.jpg'><img loading=\"lazy\" decoding=\"async\" width=\"300\" height=\"150\" src=\"https:\/\/www.lelo.com\/es\/blog\/wp-content\/uploads\/2016\/02\/Madrubb_1339580-300x150.jpg\" class=\"attachment-thumbnail size-thumbnail\" alt=\"Ropa de l\u00e1tex y vibradores LELO en Madrid Fashion Week\" aria-describedby=\"gallery-1-5578\" srcset=\"https:\/\/www.lelo.com\/es\/blog\/wp-content\/uploads\/2016\/02\/Madrubb_1339580-300x150.jpg 300w, https:\/\/www.lelo.com\/es\/blog\/wp-content\/uploads\/2016\/02\/Madrubb_1339580-660x330.jpg 660w, https:\/\/www.lelo.com\/es\/blog\/wp-content\/uploads\/2016\/02\/Madrubb_1339580-995x498.jpg 995w\" sizes=\"(max-width: 300px) 100vw, 300px\" \/><\/a>\n\t\t\t<\/div>\n\t\t\t\t<figcaption class='wp-caption-text gallery-caption' id='gallery-1-5578'>\n\t\t\t\tTresemm\u00e9 MFShow\n\t\t\t\t<\/figcaption><\/figure><figure class='gallery-item'>\n\t\t\t<div class='gallery-icon portrait'>\n\t\t\t\t<a href='https:\/\/www.lelo.com\/es\/blog\/wp-content\/uploads\/2016\/02\/Madrubb_1339583.jpg'><img loading=\"lazy\" decoding=\"async\" width=\"300\" height=\"150\" src=\"https:\/\/www.lelo.com\/es\/blog\/wp-content\/uploads\/2016\/02\/Madrubb_1339583-300x150.jpg\" class=\"attachment-thumbnail size-thumbnail\" alt=\"Ropa de l\u00e1tex y vibradores LELO en Madrid Fashion Week\" aria-describedby=\"gallery-1-5581\" srcset=\"https:\/\/www.lelo.com\/es\/blog\/wp-content\/uploads\/2016\/02\/Madrubb_1339583-300x150.jpg 300w, https:\/\/www.lelo.com\/es\/blog\/wp-content\/uploads\/2016\/02\/Madrubb_1339583-660x330.jpg 660w, https:\/\/www.lelo.com\/es\/blog\/wp-content\/uploads\/2016\/02\/Madrubb_1339583-995x498.jpg 995w\" sizes=\"(max-width: 300px) 100vw, 300px\" \/><\/a>\n\t\t\t<\/div>\n\t\t\t\t<figcaption class='wp-caption-text gallery-caption' id='gallery-1-5581'>\n\t\t\t\tTresemm\u00e9 MFShow\n\t\t\t\t<\/figcaption><\/figure><figure class='gallery-item'>\n\t\t\t<div class='gallery-icon portrait'>\n\t\t\t\t<a href='https:\/\/www.lelo.com\/es\/blog\/wp-content\/uploads\/2016\/02\/Madrubb_1339586.jpg'><img loading=\"lazy\" decoding=\"async\" width=\"300\" height=\"150\" src=\"https:\/\/www.lelo.com\/es\/blog\/wp-content\/uploads\/2016\/02\/Madrubb_1339586-300x150.jpg\" class=\"attachment-thumbnail size-thumbnail\" alt=\"Ropa de l\u00e1tex y vibradores LELO en Madrid Fashion Week\" aria-describedby=\"gallery-1-5584\" srcset=\"https:\/\/www.lelo.com\/es\/blog\/wp-content\/uploads\/2016\/02\/Madrubb_1339586-300x150.jpg 300w, https:\/\/www.lelo.com\/es\/blog\/wp-content\/uploads\/2016\/02\/Madrubb_1339586-660x330.jpg 660w, https:\/\/www.lelo.com\/es\/blog\/wp-content\/uploads\/2016\/02\/Madrubb_1339586-995x498.jpg 995w\" sizes=\"(max-width: 300px) 100vw, 300px\" \/><\/a>\n\t\t\t<\/div>\n\t\t\t\t<figcaption class='wp-caption-text gallery-caption' id='gallery-1-5584'>\n\t\t\t\tTresemm\u00e9 MFShow\n\t\t\t\t<\/figcaption><\/figure><figure class='gallery-item'>\n\t\t\t<div class='gallery-icon portrait'>\n\t\t\t\t<a href='https:\/\/www.lelo.com\/es\/blog\/wp-content\/uploads\/2016\/02\/Madrubb_1339589.jpg'><img loading=\"lazy\" decoding=\"async\" width=\"300\" height=\"150\" src=\"https:\/\/www.lelo.com\/es\/blog\/wp-content\/uploads\/2016\/02\/Madrubb_1339589-300x150.jpg\" class=\"attachment-thumbnail size-thumbnail\" alt=\"Ropa de l\u00e1tex y vibradores LELO en Madrid Fashion Week\" aria-describedby=\"gallery-1-5587\" srcset=\"https:\/\/www.lelo.com\/es\/blog\/wp-content\/uploads\/2016\/02\/Madrubb_1339589-300x150.jpg 300w, https:\/\/www.lelo.com\/es\/blog\/wp-content\/uploads\/2016\/02\/Madrubb_1339589-660x330.jpg 660w, https:\/\/www.lelo.com\/es\/blog\/wp-content\/uploads\/2016\/02\/Madrubb_1339589-995x498.jpg 995w\" sizes=\"(max-width: 300px) 100vw, 300px\" \/><\/a>\n\t\t\t<\/div>\n\t\t\t\t<figcaption class='wp-caption-text gallery-caption' id='gallery-1-5587'>\n\t\t\t\tTresemm\u00e9 MFShow\n\t\t\t\t<\/figcaption><\/figure><figure class='gallery-item'>\n\t\t\t<div class='gallery-icon portrait'>\n\t\t\t\t<a href='https:\/\/www.lelo.com\/es\/blog\/wp-content\/uploads\/2016\/02\/Madrubb_1339591.jpg'><img loading=\"lazy\" decoding=\"async\" width=\"300\" height=\"150\" src=\"https:\/\/www.lelo.com\/es\/blog\/wp-content\/uploads\/2016\/02\/Madrubb_1339591-300x150.jpg\" class=\"attachment-thumbnail size-thumbnail\" alt=\"Ropa de l\u00e1tex y vibradores LELO en Madrid Fashion Week\" aria-describedby=\"gallery-1-5590\" srcset=\"https:\/\/www.lelo.com\/es\/blog\/wp-content\/uploads\/2016\/02\/Madrubb_1339591-300x150.jpg 300w, https:\/\/www.lelo.com\/es\/blog\/wp-content\/uploads\/2016\/02\/Madrubb_1339591-660x330.jpg 660w, https:\/\/www.lelo.com\/es\/blog\/wp-content\/uploads\/2016\/02\/Madrubb_1339591-995x498.jpg 995w\" sizes=\"(max-width: 300px) 100vw, 300px\" \/><\/a>\n\t\t\t<\/div>\n\t\t\t\t<figcaption class='wp-caption-text gallery-caption' id='gallery-1-5590'>\n\t\t\t\tTresemm\u00e9 MFShow\n\t\t\t\t<\/figcaption><\/figure><figure class='gallery-item'>\n\t\t\t<div class='gallery-icon portrait'>\n\t\t\t\t<a href='https:\/\/www.lelo.com\/es\/blog\/wp-content\/uploads\/2016\/02\/Madrubb_1339596.jpg'><img loading=\"lazy\" decoding=\"async\" width=\"300\" height=\"150\" src=\"https:\/\/www.lelo.com\/es\/blog\/wp-content\/uploads\/2016\/02\/Madrubb_1339596-300x150.jpg\" class=\"attachment-thumbnail size-thumbnail\" alt=\"Ropa de l\u00e1tex y vibradores LELO en Madrid Fashion Week\" aria-describedby=\"gallery-1-5593\" srcset=\"https:\/\/www.lelo.com\/es\/blog\/wp-content\/uploads\/2016\/02\/Madrubb_1339596-300x150.jpg 300w, https:\/\/www.lelo.com\/es\/blog\/wp-content\/uploads\/2016\/02\/Madrubb_1339596-660x330.jpg 660w, https:\/\/www.lelo.com\/es\/blog\/wp-content\/uploads\/2016\/02\/Madrubb_1339596-995x498.jpg 995w\" sizes=\"(max-width: 300px) 100vw, 300px\" \/><\/a>\n\t\t\t<\/div>\n\t\t\t\t<figcaption class='wp-caption-text gallery-caption' id='gallery-1-5593'>\n\t\t\t\tTresemm\u00e9 MFShow\n\t\t\t\t<\/figcaption><\/figure><figure class='gallery-item'>\n\t\t\t<div class='gallery-icon portrait'>\n\t\t\t\t<a href='https:\/\/www.lelo.com\/es\/blog\/wp-content\/uploads\/2016\/02\/Madrubb_1339597.jpg'><img loading=\"lazy\" decoding=\"async\" width=\"300\" height=\"150\" src=\"https:\/\/www.lelo.com\/es\/blog\/wp-content\/uploads\/2016\/02\/Madrubb_1339597-300x150.jpg\" class=\"attachment-thumbnail size-thumbnail\" alt=\"Ropa de l\u00e1tex y vibradores LELO en Madrid Fashion Week\" aria-describedby=\"gallery-1-5596\" srcset=\"https:\/\/www.lelo.com\/es\/blog\/wp-content\/uploads\/2016\/02\/Madrubb_1339597-300x150.jpg 300w, https:\/\/www.lelo.com\/es\/blog\/wp-content\/uploads\/2016\/02\/Madrubb_1339597-660x330.jpg 660w, https:\/\/www.lelo.com\/es\/blog\/wp-content\/uploads\/2016\/02\/Madrubb_1339597-995x498.jpg 995w\" sizes=\"(max-width: 300px) 100vw, 300px\" \/><\/a>\n\t\t\t<\/div>\n\t\t\t\t<figcaption class='wp-caption-text gallery-caption' id='gallery-1-5596'>\n\t\t\t\tTresemm\u00e9 MFShow\n\t\t\t\t<\/figcaption><\/figure><figure class='gallery-item'>\n\t\t\t<div class='gallery-icon portrait'>\n\t\t\t\t<a href='https:\/\/www.lelo.com\/es\/blog\/wp-content\/uploads\/2016\/02\/Madrubb_1339598.jpg'><img loading=\"lazy\" decoding=\"async\" width=\"300\" height=\"150\" src=\"https:\/\/www.lelo.com\/es\/blog\/wp-content\/uploads\/2016\/02\/Madrubb_1339598-300x150.jpg\" class=\"attachment-thumbnail size-thumbnail\" alt=\"Ropa de l\u00e1tex y vibradores LELO en Madrid Fashion Week\" aria-describedby=\"gallery-1-5599\" srcset=\"https:\/\/www.lelo.com\/es\/blog\/wp-content\/uploads\/2016\/02\/Madrubb_1339598-300x150.jpg 300w, https:\/\/www.lelo.com\/es\/blog\/wp-content\/uploads\/2016\/02\/Madrubb_1339598-660x330.jpg 660w, https:\/\/www.lelo.com\/es\/blog\/wp-content\/uploads\/2016\/02\/Madrubb_1339598-995x498.jpg 995w\" sizes=\"(max-width: 300px) 100vw, 300px\" \/><\/a>\n\t\t\t<\/div>\n\t\t\t\t<figcaption class='wp-caption-text gallery-caption' id='gallery-1-5599'>\n\t\t\t\tTresemm\u00e9 MFShow\n\t\t\t\t<\/figcaption><\/figure><figure class='gallery-item'>\n\t\t\t<div class='gallery-icon portrait'>\n\t\t\t\t<a href='https:\/\/www.lelo.com\/es\/blog\/wp-content\/uploads\/2016\/02\/Madrubb_1339601.jpg'><img loading=\"lazy\" decoding=\"async\" width=\"300\" height=\"150\" src=\"https:\/\/www.lelo.com\/es\/blog\/wp-content\/uploads\/2016\/02\/Madrubb_1339601-300x150.jpg\" class=\"attachment-thumbnail size-thumbnail\" alt=\"Ropa de l\u00e1tex y vibradores LELO en Madrid Fashion Week\" aria-describedby=\"gallery-1-5602\" srcset=\"https:\/\/www.lelo.com\/es\/blog\/wp-content\/uploads\/2016\/02\/Madrubb_1339601-300x150.jpg 300w, https:\/\/www.lelo.com\/es\/blog\/wp-content\/uploads\/2016\/02\/Madrubb_1339601-660x330.jpg 660w, https:\/\/www.lelo.com\/es\/blog\/wp-content\/uploads\/2016\/02\/Madrubb_1339601-995x498.jpg 995w\" sizes=\"(max-width: 300px) 100vw, 300px\" \/><\/a>\n\t\t\t<\/div>\n\t\t\t\t<figcaption class='wp-caption-text gallery-caption' id='gallery-1-5602'>\n\t\t\t\tTresemm\u00e9 MFShow\n\t\t\t\t<\/figcaption><\/figure><figure class='gallery-item'>\n\t\t\t<div class='gallery-icon portrait'>\n\t\t\t\t<a href='https:\/\/www.lelo.com\/es\/blog\/wp-content\/uploads\/2016\/02\/Madrubb_1339603.jpg'><img loading=\"lazy\" decoding=\"async\" width=\"300\" height=\"150\" src=\"https:\/\/www.lelo.com\/es\/blog\/wp-content\/uploads\/2016\/02\/Madrubb_1339603-300x150.jpg\" class=\"attachment-thumbnail size-thumbnail\" alt=\"Ropa de l\u00e1tex y vibradores LELO en Madrid Fashion Week\" aria-describedby=\"gallery-1-5605\" srcset=\"https:\/\/www.lelo.com\/es\/blog\/wp-content\/uploads\/2016\/02\/Madrubb_1339603-300x150.jpg 300w, https:\/\/www.lelo.com\/es\/blog\/wp-content\/uploads\/2016\/02\/Madrubb_1339603-660x330.jpg 660w, https:\/\/www.lelo.com\/es\/blog\/wp-content\/uploads\/2016\/02\/Madrubb_1339603-995x498.jpg 995w\" sizes=\"(max-width: 300px) 100vw, 300px\" \/><\/a>\n\t\t\t<\/div>\n\t\t\t\t<figcaption class='wp-caption-text gallery-caption' id='gallery-1-5605'>\n\t\t\t\tTresemm\u00e9 MFShow\n\t\t\t\t<\/figcaption><\/figure><figure class='gallery-item'>\n\t\t\t<div class='gallery-icon portrait'>\n\t\t\t\t<a href='https:\/\/www.lelo.com\/es\/blog\/wp-content\/uploads\/2016\/02\/Madrubb_1339605.jpg'><img loading=\"lazy\" decoding=\"async\" width=\"300\" height=\"150\" src=\"https:\/\/www.lelo.com\/es\/blog\/wp-content\/uploads\/2016\/02\/Madrubb_1339605-300x150.jpg\" class=\"attachment-thumbnail size-thumbnail\" alt=\"Ropa de l\u00e1tex y vibradores LELO en Madrid Fashion Week\" aria-describedby=\"gallery-1-5608\" srcset=\"https:\/\/www.lelo.com\/es\/blog\/wp-content\/uploads\/2016\/02\/Madrubb_1339605-300x150.jpg 300w, https:\/\/www.lelo.com\/es\/blog\/wp-content\/uploads\/2016\/02\/Madrubb_1339605-660x330.jpg 660w, https:\/\/www.lelo.com\/es\/blog\/wp-content\/uploads\/2016\/02\/Madrubb_1339605-995x498.jpg 995w\" sizes=\"(max-width: 300px) 100vw, 300px\" \/><\/a>\n\t\t\t<\/div>\n\t\t\t\t<figcaption class='wp-caption-text gallery-caption' id='gallery-1-5608'>\n\t\t\t\tTresemm\u00e9 MFShow\n\t\t\t\t<\/figcaption><\/figure><figure class='gallery-item'>\n\t\t\t<div class='gallery-icon portrait'>\n\t\t\t\t<a href='https:\/\/www.lelo.com\/es\/blog\/wp-content\/uploads\/2016\/02\/Madrubb_1339606.jpg'><img loading=\"lazy\" decoding=\"async\" width=\"300\" height=\"150\" src=\"https:\/\/www.lelo.com\/es\/blog\/wp-content\/uploads\/2016\/02\/Madrubb_1339606-300x150.jpg\" class=\"attachment-thumbnail size-thumbnail\" alt=\"Ropa de l\u00e1tex y vibradores LELO en Madrid Fashion Week\" aria-describedby=\"gallery-1-5611\" srcset=\"https:\/\/www.lelo.com\/es\/blog\/wp-content\/uploads\/2016\/02\/Madrubb_1339606-300x150.jpg 300w, https:\/\/www.lelo.com\/es\/blog\/wp-content\/uploads\/2016\/02\/Madrubb_1339606-660x330.jpg 660w, https:\/\/www.lelo.com\/es\/blog\/wp-content\/uploads\/2016\/02\/Madrubb_1339606-995x498.jpg 995w\" sizes=\"(max-width: 300px) 100vw, 300px\" \/><\/a>\n\t\t\t<\/div>\n\t\t\t\t<figcaption class='wp-caption-text gallery-caption' id='gallery-1-5611'>\n\t\t\t\tTresemm\u00e9 MFShow\n\t\t\t\t<\/figcaption><\/figure><figure class='gallery-item'>\n\t\t\t<div class='gallery-icon portrait'>\n\t\t\t\t<a href='https:\/\/www.lelo.com\/es\/blog\/wp-content\/uploads\/2016\/02\/Madrubb_1339609.jpg'><img loading=\"lazy\" decoding=\"async\" width=\"300\" height=\"150\" src=\"https:\/\/www.lelo.com\/es\/blog\/wp-content\/uploads\/2016\/02\/Madrubb_1339609-300x150.jpg\" class=\"attachment-thumbnail size-thumbnail\" alt=\"Ropa de l\u00e1tex y vibradores LELO en Madrid Fashion Week\" aria-describedby=\"gallery-1-5614\" srcset=\"https:\/\/www.lelo.com\/es\/blog\/wp-content\/uploads\/2016\/02\/Madrubb_1339609-300x150.jpg 300w, https:\/\/www.lelo.com\/es\/blog\/wp-content\/uploads\/2016\/02\/Madrubb_1339609-660x330.jpg 660w, https:\/\/www.lelo.com\/es\/blog\/wp-content\/uploads\/2016\/02\/Madrubb_1339609-995x498.jpg 995w\" sizes=\"(max-width: 300px) 100vw, 300px\" \/><\/a>\n\t\t\t<\/div>\n\t\t\t\t<figcaption class='wp-caption-text gallery-caption' id='gallery-1-5614'>\n\t\t\t\tTresemm\u00e9 MFShow\n\t\t\t\t<\/figcaption><\/figure><figure class='gallery-item'>\n\t\t\t<div class='gallery-icon portrait'>\n\t\t\t\t<a href='https:\/\/www.lelo.com\/es\/blog\/wp-content\/uploads\/2016\/02\/Madrubb_1339610.jpg'><img loading=\"lazy\" decoding=\"async\" width=\"300\" height=\"150\" src=\"https:\/\/www.lelo.com\/es\/blog\/wp-content\/uploads\/2016\/02\/Madrubb_1339610-300x150.jpg\" class=\"attachment-thumbnail size-thumbnail\" alt=\"Ropa de l\u00e1tex y vibradores LELO en Madrid Fashion Week\" aria-describedby=\"gallery-1-5617\" srcset=\"https:\/\/www.lelo.com\/es\/blog\/wp-content\/uploads\/2016\/02\/Madrubb_1339610-300x150.jpg 300w, https:\/\/www.lelo.com\/es\/blog\/wp-content\/uploads\/2016\/02\/Madrubb_1339610-660x330.jpg 660w, https:\/\/www.lelo.com\/es\/blog\/wp-content\/uploads\/2016\/02\/Madrubb_1339610-995x498.jpg 995w\" sizes=\"(max-width: 300px) 100vw, 300px\" \/><\/a>\n\t\t\t<\/div>\n\t\t\t\t<figcaption class='wp-caption-text gallery-caption' id='gallery-1-5617'>\n\t\t\t\tTresemm\u00e9 MFShow\n\t\t\t\t<\/figcaption><\/figure><figure class='gallery-item'>\n\t\t\t<div class='gallery-icon portrait'>\n\t\t\t\t<a href='https:\/\/www.lelo.com\/es\/blog\/wp-content\/uploads\/2016\/02\/Madrubb_1339616.jpg'><img loading=\"lazy\" decoding=\"async\" width=\"300\" height=\"150\" src=\"https:\/\/www.lelo.com\/es\/blog\/wp-content\/uploads\/2016\/02\/Madrubb_1339616-300x150.jpg\" class=\"attachment-thumbnail size-thumbnail\" alt=\"Ropa de l\u00e1tex y vibradores LELO en Madrid Fashion Week\" aria-describedby=\"gallery-1-5620\" srcset=\"https:\/\/www.lelo.com\/es\/blog\/wp-content\/uploads\/2016\/02\/Madrubb_1339616-300x150.jpg 300w, https:\/\/www.lelo.com\/es\/blog\/wp-content\/uploads\/2016\/02\/Madrubb_1339616-660x330.jpg 660w, https:\/\/www.lelo.com\/es\/blog\/wp-content\/uploads\/2016\/02\/Madrubb_1339616-995x498.jpg 995w\" sizes=\"(max-width: 300px) 100vw, 300px\" \/><\/a>\n\t\t\t<\/div>\n\t\t\t\t<figcaption class='wp-caption-text gallery-caption' id='gallery-1-5620'>\n\t\t\t\tTresemm\u00e9 MFShow\n\t\t\t\t<\/figcaption><\/figure><figure class='gallery-item'>\n\t\t\t<div class='gallery-icon portrait'>\n\t\t\t\t<a href='https:\/\/www.lelo.com\/es\/blog\/wp-content\/uploads\/2016\/02\/Madrubb_1339617.jpg'><img loading=\"lazy\" decoding=\"async\" width=\"300\" height=\"150\" src=\"https:\/\/www.lelo.com\/es\/blog\/wp-content\/uploads\/2016\/02\/Madrubb_1339617-300x150.jpg\" class=\"attachment-thumbnail size-thumbnail\" alt=\"Ropa de l\u00e1tex y vibradores LELO en Madrid Fashion Week\" aria-describedby=\"gallery-1-5623\" srcset=\"https:\/\/www.lelo.com\/es\/blog\/wp-content\/uploads\/2016\/02\/Madrubb_1339617-300x150.jpg 300w, https:\/\/www.lelo.com\/es\/blog\/wp-content\/uploads\/2016\/02\/Madrubb_1339617-660x330.jpg 660w, https:\/\/www.lelo.com\/es\/blog\/wp-content\/uploads\/2016\/02\/Madrubb_1339617-995x498.jpg 995w\" sizes=\"(max-width: 300px) 100vw, 300px\" \/><\/a>\n\t\t\t<\/div>\n\t\t\t\t<figcaption class='wp-caption-text gallery-caption' id='gallery-1-5623'>\n\t\t\t\tTresemm\u00e9 MFShow\n\t\t\t\t<\/figcaption><\/figure>\n\t\t<\/div>\n\n<p>Los productos LELO acompa\u00f1aron los dise\u00f1os <a href=\"https:\/\/lelo.com\/es\/blog\/absenta-party-en-madrid-sensualidad-latex-y-juguetes-eroticos-by-mad-rubb-y-lelo\/\">MAD RUBB<\/a> en un <em>catwalk<\/em> que no dej\u00f3 indiferente a nadie. Las modelos portaban algunos de los juguetes m\u00e1s ic\u00f3nicos de la marca sueca, como <a href=\"https:\/\/www.lelo.com\/es\/ina-wave\">INA Wave\u2122<\/a>, <a href=\"https:\/\/www.lelo.com\/es\/soraya\">Soraya\u2122<\/a> y <a href=\"https:\/\/www.lelo.com\/es\/ora-2\">ORA\u2122 2<\/a> (primer y \u00fanico juguete sexual <a href=\"https:\/\/lelo.com\/es\/blog\/lelo-gana-el-premio-al-mejor-diseno-de-producto-en-el-festival-internacional-de-creatividad-cannes-lions-2014\/\">premiado en Cannes Lions<\/a>) al recorrer la pasarela.<\/p>\n<p>Al final del desfile, dos \u2013preciosas\u2013 azafatas de LELO entregaron a los 300 asistentes Gift Bags, globos y una invitaci\u00f3n para la fiesta oficial del MFShow powered by LELO.<\/p>\n<p>Todo ello ante la flor y nata de la moda, y la mirada de personalidades del mundo er\u00f3tico, escritoras y sex\u00f3logas; las que nos encanta llamar \u2018chicas LELO\u2019: <a href=\"https:\/\/lelo.com\/es\/blog\/excitando-venus\/\">Venus O\u2019Hara<\/a>, <a href=\"https:\/\/mobile.twitter.com\/ValerieTasso\" target=\"_blank\" rel=\"&quot;nofollow noopener\">Val\u00e9rie Tasso<\/a>, <a href=\"https:\/\/lelo.com\/es\/blog\/amor-sexo-y-masturbacion-con-dora-savage\/\">Dora Savage<\/a>, Mabi Barbas y Roma Calder\u00f3n en el <em>front row<\/em>.<\/p>\n","protected":false},"excerpt":{"rendered":"<p>\u00bf\u00a1Vibradores y l\u00e1tex en las pasarelas de Tresemm\u00e9 MFShow!? S\u00ed, as\u00ed fue. Todo el refinamiento, el mejor corte de l\u00e1tex y el dise\u00f1o de los objetos de placer suecos se volvieron a unir, el pasado 9 de febrero, esta vez en la gala del MFShow. Un contundente despliegue de pasi\u00f3n, que atrajo con sensual disciplina a tod@s l@s asistentes. No te pierdas el poder\u00edo del l\u00e1tex en 36 fotograf\u00edas y un elegante v\u00eddeo del evento. La colecci\u00f3n \u00dcBER de MAD [&hellip;]<\/p>\n","protected":false},"author":5,"featured_media":5626,"comment_status":"open","ping_status":"closed","sticky":false,"template":"","format":"standard","meta":{"_acf_changed":false,"footnotes":""},"categories":[1278],"tags":[688,715,65],"coauthors":[1210],"class_list":["post-4843","post","type-post","status-publish","format-standard","has-post-thumbnail","hentry","category-curiosidades","tag-ropa-de-latex","tag-tresemme-mfshow","tag-vibradores"],"acf":[],"yoast_head":"<!-- This site is optimized with the Yoast SEO plugin v24.8.1 - https:\/\/yoast.com\/wordpress\/plugins\/seo\/ -->\n<title>Ropa de l\u00e1tex y vibradores LELO en\u00a0Tresemm\u00e9 MFShow<\/title>\n<meta name=\"description\" content=\"No te pierdas el v\u00eddeo del primer desfile de MADRUBB y LELO en Madrid: un derroche de elegancia en l\u00e1tex y juguetes er\u00f3ticos.\" \/>\n<meta name=\"robots\" content=\"index, follow, max-snippet:-1, max-image-preview:large, max-video-preview:-1\" \/>\n<link rel=\"canonical\" href=\"https:\/\/www.lelo.com\/es\/blog\/ropa-latex-vibradores-madrid-fashion-week\/\" \/>\n<meta property=\"og:locale\" content=\"es_ES\" \/>\n<meta property=\"og:type\" content=\"article\" \/>\n<meta property=\"og:title\" content=\"Ropa de l\u00e1tex y vibradores LELO en\u00a0Tresemm\u00e9 MFShow\" \/>\n<meta property=\"og:description\" content=\"No te pierdas el v\u00eddeo del primer desfile de MADRUBB y LELO en Madrid: un derroche de elegancia en l\u00e1tex y juguetes er\u00f3ticos.\" \/>\n<meta property=\"og:url\" content=\"https:\/\/www.lelo.com\/es\/blog\/ropa-latex-vibradores-madrid-fashion-week\/\" \/>\n<meta property=\"og:site_name\" content=\"Volont\u00e9\" \/>\n<meta property=\"article:publisher\" content=\"https:\/\/www.facebook.com\/LELO.lust.objectified\" \/>\n<meta property=\"article:author\" content=\"https:\/\/es-la.facebook.com\/people\/Ana-Ruiz\/100005183119122\" \/>\n<meta property=\"article:published_time\" content=\"2016-02-17T09:41:15+00:00\" \/>\n<meta property=\"article:modified_time\" content=\"2026-03-11T15:59:09+00:00\" \/>\n<meta property=\"og:image\" content=\"https:\/\/www.lelo.com\/es\/blog\/wp-content\/uploads\/2016\/02\/Ropa-de-l\u00e1tex-y-vibradores-en-Madrid-Fashion-Week.jpg\" \/>\n\t<meta property=\"og:image:width\" content=\"660\" \/>\n\t<meta property=\"og:image:height\" content=\"330\" \/>\n\t<meta property=\"og:image:type\" content=\"image\/jpeg\" \/>\n<meta name=\"author\" content=\"Ana Ruiz\" \/>\n<meta name=\"twitter:card\" content=\"summary_large_image\" \/>\n<meta name=\"twitter:image\" content=\"https:\/\/lelo.com\/es\/blog\/wp-content\/uploads\/2016\/02\/Ropa-de-l\u00e1tex-y-vibradores-en-Madrid-Fashion-Week.jpg\" \/>\n<meta name=\"twitter:creator\" content=\"@LELO_ES\" \/>\n<meta name=\"twitter:site\" content=\"@LELO_ES\" \/>\n<meta name=\"twitter:label1\" content=\"Escrito por\" \/>\n\t<meta name=\"twitter:data1\" content=\"Ana Ruiz\" \/>\n\t<meta name=\"twitter:label2\" content=\"Tiempo de lectura\" \/>\n\t<meta name=\"twitter:data2\" content=\"2 minutos\" \/>\n\t<meta name=\"twitter:label3\" content=\"Written by\" \/>\n\t<meta name=\"twitter:data3\" content=\"Ana Ruiz\" \/>\n<script type=\"application\/ld+json\" class=\"yoast-schema-graph\">{\"@context\":\"https:\/\/schema.org\",\"@graph\":[{\"@type\":\"WebPage\",\"@id\":\"https:\/\/www.lelo.com\/es\/blog\/ropa-latex-vibradores-madrid-fashion-week\/\",\"url\":\"https:\/\/www.lelo.com\/es\/blog\/ropa-latex-vibradores-madrid-fashion-week\/\",\"name\":\"Ropa de l\u00e1tex y vibradores LELO en\u00a0Tresemm\u00e9 MFShow\",\"isPartOf\":{\"@id\":\"https:\/\/www.lelo.com\/es\/blog\/#website\"},\"primaryImageOfPage\":{\"@id\":\"https:\/\/www.lelo.com\/es\/blog\/ropa-latex-vibradores-madrid-fashion-week\/#primaryimage\"},\"image\":{\"@id\":\"https:\/\/www.lelo.com\/es\/blog\/ropa-latex-vibradores-madrid-fashion-week\/#primaryimage\"},\"thumbnailUrl\":\"https:\/\/www.lelo.com\/es\/blog\/wp-content\/uploads\/2016\/02\/Ropa-de-l\u00e1tex-y-vibradores-en-Madrid-Fashion-Week.jpg\",\"datePublished\":\"2016-02-17T09:41:15+00:00\",\"dateModified\":\"2026-03-11T15:59:09+00:00\",\"author\":{\"@id\":\"https:\/\/www.lelo.com\/es\/blog\/#\/schema\/person\/4363dc975301eecac07fcd8a26996395\"},\"description\":\"No te pierdas el v\u00eddeo del primer desfile de MADRUBB y LELO en Madrid: un derroche de elegancia en l\u00e1tex y juguetes er\u00f3ticos.\",\"inLanguage\":\"es\",\"potentialAction\":[{\"@type\":\"ReadAction\",\"target\":[\"https:\/\/www.lelo.com\/es\/blog\/ropa-latex-vibradores-madrid-fashion-week\/\"]}]},{\"@type\":\"ImageObject\",\"inLanguage\":\"es\",\"@id\":\"https:\/\/www.lelo.com\/es\/blog\/ropa-latex-vibradores-madrid-fashion-week\/#primaryimage\",\"url\":\"https:\/\/www.lelo.com\/es\/blog\/wp-content\/uploads\/2016\/02\/Ropa-de-l\u00e1tex-y-vibradores-en-Madrid-Fashion-Week.jpg\",\"contentUrl\":\"https:\/\/www.lelo.com\/es\/blog\/wp-content\/uploads\/2016\/02\/Ropa-de-l\u00e1tex-y-vibradores-en-Madrid-Fashion-Week.jpg\",\"width\":660,\"height\":330,\"caption\":\"Ropa de l\u00e1tex y vibradores LELO en Tresemm\u00e9 MFShow\"},{\"@type\":\"WebSite\",\"@id\":\"https:\/\/www.lelo.com\/es\/blog\/#website\",\"url\":\"https:\/\/www.lelo.com\/es\/blog\/\",\"name\":\"Volont\u00e9\",\"description\":\"Relatos er\u00f3ticos, juguetes er\u00f3ticos, Kamasutra, masturbaci\u00f3n, sexo oral, sexo anal, amor, pel\u00edculas er\u00f3ticas y consejos sexuales\",\"potentialAction\":[{\"@type\":\"SearchAction\",\"target\":{\"@type\":\"EntryPoint\",\"urlTemplate\":\"https:\/\/www.lelo.com\/es\/blog\/?s={search_term_string}\"},\"query-input\":{\"@type\":\"PropertyValueSpecification\",\"valueRequired\":true,\"valueName\":\"search_term_string\"}}],\"inLanguage\":\"es\"},{\"@type\":\"Person\",\"@id\":\"https:\/\/www.lelo.com\/es\/blog\/#\/schema\/person\/4363dc975301eecac07fcd8a26996395\",\"name\":\"Ana Ruiz\",\"image\":{\"@type\":\"ImageObject\",\"inLanguage\":\"es\",\"@id\":\"https:\/\/www.lelo.com\/es\/blog\/#\/schema\/person\/image\/f11a9948598702a13e2d71065bf546db\",\"url\":\"https:\/\/secure.gravatar.com\/avatar\/172341c16c0b3a44e01e572d494b2593?s=96&d=mm&r=pg\",\"contentUrl\":\"https:\/\/secure.gravatar.com\/avatar\/172341c16c0b3a44e01e572d494b2593?s=96&d=mm&r=pg\",\"caption\":\"Ana Ruiz\"},\"description\":\"Ana es escritora y madre de tres hijos. Reside en Barcelona la mayor parte del a\u00f1o, disfruta viajando y conociendo otras culturas y lugares, as\u00ed como asistiendo a congresos internacionales sobre su especialidad.\",\"sameAs\":[\"https:\/\/www.lelo.com\/es\/blog\/author\/ana-ruiz\/\",\"https:\/\/es-la.facebook.com\/people\/Ana-Ruiz\/100005183119122\",\"https:\/\/x.com\/LELO_ES\",\"https:\/\/www.youtube.com\/channel\/UCAmIs61DAZ56VqGm62XUehA\"],\"url\":\"https:\/\/www.lelo.com\/es\/blog\/author\/ana-ruiz\/\"}]}<\/script>\n<!-- \/ Yoast SEO plugin. -->","yoast_head_json":{"title":"Ropa de l\u00e1tex y vibradores LELO en\u00a0Tresemm\u00e9 MFShow","description":"No te pierdas el v\u00eddeo del primer desfile de MADRUBB y LELO en Madrid: un derroche de elegancia en l\u00e1tex y juguetes er\u00f3ticos.","robots":{"index":"index","follow":"follow","max-snippet":"max-snippet:-1","max-image-preview":"max-image-preview:large","max-video-preview":"max-video-preview:-1"},"canonical":"https:\/\/www.lelo.com\/es\/blog\/ropa-latex-vibradores-madrid-fashion-week\/","og_locale":"es_ES","og_type":"article","og_title":"Ropa de l\u00e1tex y vibradores LELO en\u00a0Tresemm\u00e9 MFShow","og_description":"No te pierdas el v\u00eddeo del primer desfile de MADRUBB y LELO en Madrid: un derroche de elegancia en l\u00e1tex y juguetes er\u00f3ticos.","og_url":"https:\/\/www.lelo.com\/es\/blog\/ropa-latex-vibradores-madrid-fashion-week\/","og_site_name":"Volont\u00e9","article_publisher":"https:\/\/www.facebook.com\/LELO.lust.objectified","article_author":"https:\/\/es-la.facebook.com\/people\/Ana-Ruiz\/100005183119122","article_published_time":"2016-02-17T09:41:15+00:00","article_modified_time":"2026-03-11T15:59:09+00:00","og_image":[{"width":660,"height":330,"url":"https:\/\/www.lelo.com\/es\/blog\/wp-content\/uploads\/2016\/02\/Ropa-de-l\u00e1tex-y-vibradores-en-Madrid-Fashion-Week.jpg","type":"image\/jpeg"}],"author":"Ana Ruiz","twitter_card":"summary_large_image","twitter_image":"https:\/\/lelo.com\/es\/blog\/wp-content\/uploads\/2016\/02\/Ropa-de-l\u00e1tex-y-vibradores-en-Madrid-Fashion-Week.jpg","twitter_creator":"@LELO_ES","twitter_site":"@LELO_ES","twitter_misc":{"Escrito por":"Ana Ruiz","Tiempo de lectura":"2 minutos","Written by":"Ana Ruiz"},"schema":{"@context":"https:\/\/schema.org","@graph":[{"@type":"WebPage","@id":"https:\/\/www.lelo.com\/es\/blog\/ropa-latex-vibradores-madrid-fashion-week\/","url":"https:\/\/www.lelo.com\/es\/blog\/ropa-latex-vibradores-madrid-fashion-week\/","name":"Ropa de l\u00e1tex y vibradores LELO en\u00a0Tresemm\u00e9 MFShow","isPartOf":{"@id":"https:\/\/www.lelo.com\/es\/blog\/#website"},"primaryImageOfPage":{"@id":"https:\/\/www.lelo.com\/es\/blog\/ropa-latex-vibradores-madrid-fashion-week\/#primaryimage"},"image":{"@id":"https:\/\/www.lelo.com\/es\/blog\/ropa-latex-vibradores-madrid-fashion-week\/#primaryimage"},"thumbnailUrl":"https:\/\/www.lelo.com\/es\/blog\/wp-content\/uploads\/2016\/02\/Ropa-de-l\u00e1tex-y-vibradores-en-Madrid-Fashion-Week.jpg","datePublished":"2016-02-17T09:41:15+00:00","dateModified":"2026-03-11T15:59:09+00:00","author":{"@id":"https:\/\/www.lelo.com\/es\/blog\/#\/schema\/person\/4363dc975301eecac07fcd8a26996395"},"description":"No te pierdas el v\u00eddeo del primer desfile de MADRUBB y LELO en Madrid: un derroche de elegancia en l\u00e1tex y juguetes er\u00f3ticos.","inLanguage":"es","potentialAction":[{"@type":"ReadAction","target":["https:\/\/www.lelo.com\/es\/blog\/ropa-latex-vibradores-madrid-fashion-week\/"]}]},{"@type":"ImageObject","inLanguage":"es","@id":"https:\/\/www.lelo.com\/es\/blog\/ropa-latex-vibradores-madrid-fashion-week\/#primaryimage","url":"https:\/\/www.lelo.com\/es\/blog\/wp-content\/uploads\/2016\/02\/Ropa-de-l\u00e1tex-y-vibradores-en-Madrid-Fashion-Week.jpg","contentUrl":"https:\/\/www.lelo.com\/es\/blog\/wp-content\/uploads\/2016\/02\/Ropa-de-l\u00e1tex-y-vibradores-en-Madrid-Fashion-Week.jpg","width":660,"height":330,"caption":"Ropa de l\u00e1tex y vibradores LELO en Tresemm\u00e9 MFShow"},{"@type":"WebSite","@id":"https:\/\/www.lelo.com\/es\/blog\/#website","url":"https:\/\/www.lelo.com\/es\/blog\/","name":"Volont\u00e9","description":"Relatos er\u00f3ticos, juguetes er\u00f3ticos, Kamasutra, masturbaci\u00f3n, sexo oral, sexo anal, amor, pel\u00edculas er\u00f3ticas y consejos sexuales","potentialAction":[{"@type":"SearchAction","target":{"@type":"EntryPoint","urlTemplate":"https:\/\/www.lelo.com\/es\/blog\/?s={search_term_string}"},"query-input":{"@type":"PropertyValueSpecification","valueRequired":true,"valueName":"search_term_string"}}],"inLanguage":"es"},{"@type":"Person","@id":"https:\/\/www.lelo.com\/es\/blog\/#\/schema\/person\/4363dc975301eecac07fcd8a26996395","name":"Ana Ruiz","image":{"@type":"ImageObject","inLanguage":"es","@id":"https:\/\/www.lelo.com\/es\/blog\/#\/schema\/person\/image\/f11a9948598702a13e2d71065bf546db","url":"https:\/\/secure.gravatar.com\/avatar\/172341c16c0b3a44e01e572d494b2593?s=96&d=mm&r=pg","contentUrl":"https:\/\/secure.gravatar.com\/avatar\/172341c16c0b3a44e01e572d494b2593?s=96&d=mm&r=pg","caption":"Ana Ruiz"},"description":"Ana es escritora y madre de tres hijos. Reside en Barcelona la mayor parte del a\u00f1o, disfruta viajando y conociendo otras culturas y lugares, as\u00ed como asistiendo a congresos internacionales sobre su especialidad.","sameAs":["https:\/\/www.lelo.com\/es\/blog\/author\/ana-ruiz\/","https:\/\/es-la.facebook.com\/people\/Ana-Ruiz\/100005183119122","https:\/\/x.com\/LELO_ES","https:\/\/www.youtube.com\/channel\/UCAmIs61DAZ56VqGm62XUehA"],"url":"https:\/\/www.lelo.com\/es\/blog\/author\/ana-ruiz\/"}]}},"_links":{"self":[{"href":"https:\/\/www.lelo.com\/es\/blog\/wp-json\/wp\/v2\/posts\/4843","targetHints":{"allow":["GET"]}}],"collection":[{"href":"https:\/\/www.lelo.com\/es\/blog\/wp-json\/wp\/v2\/posts"}],"about":[{"href":"https:\/\/www.lelo.com\/es\/blog\/wp-json\/wp\/v2\/types\/post"}],"author":[{"embeddable":true,"href":"https:\/\/www.lelo.com\/es\/blog\/wp-json\/wp\/v2\/users\/5"}],"replies":[{"embeddable":true,"href":"https:\/\/www.lelo.com\/es\/blog\/wp-json\/wp\/v2\/comments?post=4843"}],"version-history":[{"count":9,"href":"https:\/\/www.lelo.com\/es\/blog\/wp-json\/wp\/v2\/posts\/4843\/revisions"}],"predecessor-version":[{"id":31289,"href":"https:\/\/www.lelo.com\/es\/blog\/wp-json\/wp\/v2\/posts\/4843\/revisions\/31289"}],"wp:featuredmedia":[{"embeddable":true,"href":"https:\/\/www.lelo.com\/es\/blog\/wp-json\/wp\/v2\/media\/5626"}],"wp:attachment":[{"href":"https:\/\/www.lelo.com\/es\/blog\/wp-json\/wp\/v2\/media?parent=4843"}],"wp:term":[{"taxonomy":"category","embeddable":true,"href":"https:\/\/www.lelo.com\/es\/blog\/wp-json\/wp\/v2\/categories?post=4843"},{"taxonomy":"post_tag","embeddable":true,"href":"https:\/\/www.lelo.com\/es\/blog\/wp-json\/wp\/v2\/tags?post=4843"},{"taxonomy":"author","embeddable":true,"href":"https:\/\/www.lelo.com\/es\/blog\/wp-json\/wp\/v2\/coauthors?post=4843"}],"curies":[{"name":"wp","href":"https:\/\/api.w.org\/{rel}","templated":true}]}}