{"id":12838,"date":"2023-12-01T00:42:49","date_gmt":"2023-12-01T00:42:49","guid":{"rendered":"https:\/dev.lelo.com\/it\/blog\/?p=12838"},"modified":"2025-07-14T09:59:28","modified_gmt":"2025-07-14T09:59:28","slug":"la-giornata-mondiale-contro-l-aids-e-noi","status":"publish","type":"post","link":"https:\/\/www.lelo.com\/it\/blog\/la-giornata-mondiale-contro-l-aids-e-noi\/","title":{"rendered":"La Giornata Mondiale contro l&#8217;AIDS e noi"},"content":{"rendered":"<p><img decoding=\"async\" class=\"aligncenter size-medium wp-image-19945\" src=\"https:\/\/www.lelo.com\/it\/blog\/wp-content\/uploads\/2023\/01\/Approvato-dagli-specialisti-2-300x90.png\" alt=\"\" width=\"300\" height=\"90\" srcset=\"https:\/\/www.lelo.com\/it\/blog\/wp-content\/uploads\/2023\/01\/Approvato-dagli-specialisti-2-300x90.png 300w, https:\/\/www.lelo.com\/it\/blog\/wp-content\/uploads\/2023\/01\/Approvato-dagli-specialisti-2-1024x307.png 1024w, https:\/\/www.lelo.com\/it\/blog\/wp-content\/uploads\/2023\/01\/Approvato-dagli-specialisti-2-768x230.png 768w, https:\/\/www.lelo.com\/it\/blog\/wp-content\/uploads\/2023\/01\/Approvato-dagli-specialisti-2-1536x461.png 1536w, https:\/\/www.lelo.com\/it\/blog\/wp-content\/uploads\/2023\/01\/Approvato-dagli-specialisti-2-770x231.png 770w, https:\/\/www.lelo.com\/it\/blog\/wp-content\/uploads\/2023\/01\/Approvato-dagli-specialisti-2-1400x420.png 1400w, https:\/\/www.lelo.com\/it\/blog\/wp-content\/uploads\/2023\/01\/Approvato-dagli-specialisti-2.png 2000w\" sizes=\"(max-width: 300px) 100vw, 300px\" \/><\/p>\n<p>Ci sono cos\u00ec tante cose che la pandemia di Coronavirus ha cambiato che siamo ancora qui a compilarne l\u2019elenco. Con alcune facciamo i conti tutti i giorni, ma di altre siamo a malapena consapevoli.<\/p>\n<p>Una di queste, per esempio, \u00e8 che il Coronavirus viene considerata \u2018la\u2019 pandemia per eccellenza. Per questo il significato di ricorrenze come la Giornata Mondiale contro l\u2019AIDS \u00e8 diventato ancora pi\u00f9 importante, perch\u00e9 mai come in questi anni corriamo il rischio di dimenticarci di tutte le altre malattie che esistono e in particolare di questa epidemia cos\u00ec silenziosa ma purtroppo tutt\u2019altro che debellata. E che, a differenza del Coronavirus, sappiamo bene come si trasmette e contro la quale \u00e8 relativamente pi\u00f9 facile difendersi.<\/p>\n<h4><strong>La Giornata Mondiale contro l&#8217;AIDS, che cos&#8217;\u00e8<\/strong><\/h4>\n<p>Istituita per la prima volta nel 1988 dal Programma delle Nazioni Unite per l&#8217;HIV\/AIDS, la Giornata Mondiale contro l&#8217;AIDS ha lo scopo di esprimere solidariet\u00e0 a quanti sono affetti da questa malattia, sensibilizzare l&#8217;opinione pubblica su quella che \u00e8 considerata una delle epidemie pi\u00f9 distruttive nella storia dell&#8217;umanit\u00e0, raccogliere fondi per la prevenzione e la cura, commemorare quanti sono scomparsi a causa di essa.<\/p>\n<h4><strong>Un fiocco rosso per la lotta<\/strong><\/h4>\n<p>Il simbolo della Giornata Mondiale contro l&#8217;AIDS \u00e8 un fiocco rosso che puoi indossare sui tuoi vestiti per manifestare la tua adesione alla causa e il tuo sostegno a chi si confronta ogni giorno con questa malattia.<\/p>\n<h4><strong>L&#8217;AIDS in numeri<\/strong><\/h4>\n<p>Si stima che 35 milioni di persone siano morte a causa dell&#8217;AIDS dal momento della sua scoperta (nei primi anni &#8217;80) ai giorni nostri, e circa 60 milioni siano stati i contagiati dall&#8217;inizio della pandemia.<\/p>\n<p>In Italia, nel 2022, sono stati diagnosticati 1888 nuovi casi di infezione da HIV, pari a un&#8217;incidenza di 3,2 casi per 100.000 abitanti (erano 2 nell&#8217;anno precedente), una media inferiore a quella del resto dell&#8217;Europa (5,1 casi per 100.000 abitanti). L&#8217;incidenza \u00e8 in lieve, costante diminuzione dal 2012 e, in maniera ancora pi\u00f9 accentuata, dal 2018 al 2020, con un lieve aumento nei due anni post COVID, ma la maggioranza delle nuove diagnosi di infezione da HIV \u00e8 attribuibile a rapporti sessuali non protetti (dati del <a href=\"https:\/\/www.salute.gov.it\/portale\/hiv\/dettaglioNotizieHIV.jsp?lingua=italiano&amp;menu=notizie&amp;p=dalministero&amp;id=6398\" target=\"_blank\" rel=\"noopener noreferrer\">Notiziario dell&#8217;Istituto Superiore di Sanit\u00e0<\/a>).<\/p>\n<h4><strong>Le nuove cure e i nuovi contagi<\/strong><\/h4>\n<p>L\u2019AIDS \u00e8 una malattia che stiamo combattendo con sempre maggiore efficacia: esistono cure che permettono alle persone che l\u2019hanno contratta di avere una vita praticamente normale, e su questo abbiamo fatto incredibili progressi. Dove non abbiamo fatto grandi passi, invece, \u00e8 stato nel contrastare la sua diffusione.<\/p>\n<p>La cosa che pi\u00f9 colpisce \u00e8 che evitare il contagio per via sessuale (ovvero, lo ricordiamo, ad oggi, la principale forma di trasmissione), \u00e8 davvero semplice. Basta indossare un preservativo. Tutto qua. E per quanto la frase possa suonare retorica, \u00e8 davvero un piccolo gesto che pu\u00f2 fare una grande differenza.<\/p>\n<h4><strong>Cosa puoi fare tu<\/strong><\/h4>\n<p>Il timore di aver contratto questa malattia, il timore di essersi messi in una condizione di rischio, la paura che questo possa modificare o rovinare la propria vita sono tutti aspetti da non tenere per s\u00e9 ma valutare sempre di rivolgersi ad uno psicologo per avere un supporto e un aiuto.<\/p>\n<p>Oltre a una donazione in denaro (<a href=\"https:\/\/www.worldaidsday.org\/\" target=\"_blank\" rel=\"noopener noreferrer\">qui il link alla pagina ufficiale del World Aids Day<\/a>), quello che ognuno di noi, singolarmente, pu\u00f2 fare \u00e8 contribuire a un cambiamento pi\u00f9 radicale, a un cambiamento di mentalit\u00e0 e abitudini. Dobbiamo iniziare a pensare al preservativo come a un mezzo di protezione contro le malattie sessualmente trasmissibili prima ancora che come a un contraccettivo. E non vergognarci ad averne una piccola scorta sempre con noi, che siamo uomini o donne, giovani o vecchi, omo-bi-pan sessuali o etero.<\/p>\n<p>Del resto, bastano <a href=\"https:\/\/www.lelo.com\/it\/blog\/5-modi-sexy-per-infilare-il-preservativo\/\" target=\"_blank\" rel=\"noopener noreferrer\">poche mosse<\/a> e scegliere il preservativo giusto per trasformare una necessit\u00e0 in un gioco erotico, e il profilattico in uno strumento di piacere. Perch\u00e9 no, un vaccino contro l&#8217;AIDS ancora non c&#8217;\u00e8, la nostra difesa \u00e8 nelle nostre mani.<\/p>\n<p><strong><em>Questo articolo \u00e8 stato realizzato con il contributo del dottor Matteo Radavelli, psicologo e psicoterapeuta, specializzato in problemi relazionali, terapia di coppia e difficolt\u00e0 sessuali.<\/em><\/strong><\/p>\n","protected":false},"excerpt":{"rendered":"<p>Ci sono cos\u00ec tante cose che la pandemia di Coronavirus ha cambiato che siamo ancora qui a compilarne l\u2019elenco. Con alcune facciamo i conti tutti i giorni, ma di altre siamo a malapena consapevoli. Una di queste, per esempio, \u00e8 che il Coronavirus viene considerata \u2018la\u2019 pandemia per eccellenza. Per questo il significato di ricorrenze come la Giornata Mondiale contro l\u2019AIDS \u00e8 diventato ancora pi\u00f9 importante, perch\u00e9 mai come in questi anni corriamo il rischio di dimenticarci di tutte le [&hellip;]<\/p>\n","protected":false},"author":5,"featured_media":14814,"comment_status":"open","ping_status":"closed","sticky":false,"template":"","format":"standard","meta":{"_acf_changed":false,"footnotes":""},"categories":[17],"tags":[720,1692,973,1270,735,1269],"coauthors":[1512,1514],"class_list":["post-12838","post","type-post","status-publish","format-standard","has-post-thumbnail","hentry","category-benessere-sessuale","tag-aids","tag-con-contributo-specialistico","tag-giornata-mondiale-contro-laids","tag-preservativi","tag-prevenzione","tag-world-aids-day"],"acf":[],"yoast_head":"<!-- This site is optimized with the Yoast SEO plugin v26.8 - https:\/\/yoast.com\/product\/yoast-seo-wordpress\/ -->\n<title>World Aids Day 2023 | Cosa deve cambiare per sconfiggere l&#039;AIDS<\/title>\n<meta name=\"description\" content=\"Per contrastare l&#039;HIV, contribuiamo a una cultura che vede l\u2019uso del preservativo come mezzo di protezione oltre che come contraccettivo.\" \/>\n<meta name=\"robots\" content=\"index, follow, max-snippet:-1, max-image-preview:large, max-video-preview:-1\" \/>\n<link rel=\"canonical\" href=\"https:\/\/www.lelo.com\/it\/blog\/la-giornata-mondiale-contro-l-aids-e-noi\/\" \/>\n<meta property=\"og:locale\" content=\"it_IT\" \/>\n<meta property=\"og:type\" content=\"article\" \/>\n<meta property=\"og:title\" content=\"Giornata Mondiale contro l&#039;AIDS\" \/>\n<meta property=\"og:description\" content=\"\u00c8 il momento di cambiare, soprattutto la nostra mentalit\u00e0.\" \/>\n<meta property=\"og:url\" content=\"https:\/\/www.lelo.com\/it\/blog\/la-giornata-mondiale-contro-l-aids-e-noi\/\" \/>\n<meta property=\"og:site_name\" content=\"Volont\u00e9\" \/>\n<meta property=\"article:publisher\" content=\"https:\/\/www.facebook.com\/LELO.lust.objectified\" \/>\n<meta property=\"article:author\" content=\"https:\/\/www.facebook.com\/LELO.lust.objectified\" \/>\n<meta property=\"article:published_time\" content=\"2023-12-01T00:42:49+00:00\" \/>\n<meta property=\"article:modified_time\" content=\"2025-07-14T09:59:28+00:00\" \/>\n<meta property=\"og:image\" content=\"https:\/\/www.lelo.com\/it\/blog\/wp-content\/uploads\/2018\/11\/LELO_VOLONTE_La-Giornata-Mondiale-contro-lAIDS.jpg\" \/>\n\t<meta property=\"og:image:width\" content=\"660\" \/>\n\t<meta property=\"og:image:height\" content=\"330\" \/>\n\t<meta property=\"og:image:type\" content=\"image\/jpeg\" \/>\n<meta name=\"author\" content=\"Valentina Grandi, Matteo Radavelli\" \/>\n<meta name=\"twitter:card\" content=\"summary_large_image\" \/>\n<meta name=\"twitter:creator\" content=\"@Lelo_Official\" \/>\n<meta name=\"twitter:site\" content=\"@Lelo_Official\" \/>\n<meta name=\"twitter:label1\" content=\"Scritto da\" \/>\n\t<meta name=\"twitter:data1\" content=\"Valentina Grandi, Matteo Radavelli\" \/>\n\t<meta name=\"twitter:label2\" content=\"Tempo di lettura stimato\" \/>\n\t<meta name=\"twitter:data2\" content=\"4 minuti\" \/>\n<script type=\"application\/ld+json\" class=\"yoast-schema-graph\">{\"@context\":\"https:\/\/schema.org\",\"@graph\":[{\"@type\":\"Article\",\"@id\":\"https:\/\/www.lelo.com\/it\/blog\/la-giornata-mondiale-contro-l-aids-e-noi\/#article\",\"isPartOf\":{\"@id\":\"https:\/\/www.lelo.com\/it\/blog\/la-giornata-mondiale-contro-l-aids-e-noi\/\"},\"author\":{\"name\":\"Valentina Grandi\",\"@id\":\"https:\/\/www.lelo.com\/it\/blog\/#\/schema\/person\/f8f8734e026e7cce0bee92deb04a35c5\"},\"headline\":\"La Giornata Mondiale contro l&#8217;AIDS e noi\",\"datePublished\":\"2023-12-01T00:42:49+00:00\",\"dateModified\":\"2025-07-14T09:59:28+00:00\",\"mainEntityOfPage\":{\"@id\":\"https:\/\/www.lelo.com\/it\/blog\/la-giornata-mondiale-contro-l-aids-e-noi\/\"},\"wordCount\":657,\"commentCount\":0,\"image\":{\"@id\":\"https:\/\/www.lelo.com\/it\/blog\/la-giornata-mondiale-contro-l-aids-e-noi\/#primaryimage\"},\"thumbnailUrl\":\"https:\/\/www.lelo.com\/it\/blog\/wp-content\/uploads\/2018\/11\/LELO_VOLONTE_La-Giornata-Mondiale-contro-lAIDS.jpg\",\"keywords\":[\"AIDS\",\"Con contributo specialistico\",\"Giornata mondiale contro l'AIDS\",\"Preservativi\",\"Prevenzione\",\"World Aids Day\"],\"articleSection\":[\"Benessere sessuale\"],\"inLanguage\":\"it-IT\",\"potentialAction\":[{\"@type\":\"CommentAction\",\"name\":\"Comment\",\"target\":[\"https:\/\/www.lelo.com\/it\/blog\/la-giornata-mondiale-contro-l-aids-e-noi\/#respond\"]}]},{\"@type\":\"WebPage\",\"@id\":\"https:\/\/www.lelo.com\/it\/blog\/la-giornata-mondiale-contro-l-aids-e-noi\/\",\"url\":\"https:\/\/www.lelo.com\/it\/blog\/la-giornata-mondiale-contro-l-aids-e-noi\/\",\"name\":\"World Aids Day 2023 | Cosa deve cambiare per sconfiggere l'AIDS\",\"isPartOf\":{\"@id\":\"https:\/\/www.lelo.com\/it\/blog\/#website\"},\"primaryImageOfPage\":{\"@id\":\"https:\/\/www.lelo.com\/it\/blog\/la-giornata-mondiale-contro-l-aids-e-noi\/#primaryimage\"},\"image\":{\"@id\":\"https:\/\/www.lelo.com\/it\/blog\/la-giornata-mondiale-contro-l-aids-e-noi\/#primaryimage\"},\"thumbnailUrl\":\"https:\/\/www.lelo.com\/it\/blog\/wp-content\/uploads\/2018\/11\/LELO_VOLONTE_La-Giornata-Mondiale-contro-lAIDS.jpg\",\"datePublished\":\"2023-12-01T00:42:49+00:00\",\"dateModified\":\"2025-07-14T09:59:28+00:00\",\"author\":{\"@id\":\"https:\/\/www.lelo.com\/it\/blog\/#\/schema\/person\/f8f8734e026e7cce0bee92deb04a35c5\"},\"description\":\"Per contrastare l'HIV, contribuiamo a una cultura che vede l\u2019uso del preservativo come mezzo di protezione oltre che come contraccettivo.\",\"inLanguage\":\"it-IT\",\"potentialAction\":[{\"@type\":\"ReadAction\",\"target\":[\"https:\/\/www.lelo.com\/it\/blog\/la-giornata-mondiale-contro-l-aids-e-noi\/\"]}]},{\"@type\":\"ImageObject\",\"inLanguage\":\"it-IT\",\"@id\":\"https:\/\/www.lelo.com\/it\/blog\/la-giornata-mondiale-contro-l-aids-e-noi\/#primaryimage\",\"url\":\"https:\/\/www.lelo.com\/it\/blog\/wp-content\/uploads\/2018\/11\/LELO_VOLONTE_La-Giornata-Mondiale-contro-lAIDS.jpg\",\"contentUrl\":\"https:\/\/www.lelo.com\/it\/blog\/wp-content\/uploads\/2018\/11\/LELO_VOLONTE_La-Giornata-Mondiale-contro-lAIDS.jpg\",\"width\":660,\"height\":330,\"caption\":\"LELO_VOLONTE_La Giornata Mondiale contro l'AIDS\"},{\"@type\":\"WebSite\",\"@id\":\"https:\/\/www.lelo.com\/it\/blog\/#website\",\"url\":\"https:\/\/www.lelo.com\/it\/blog\/\",\"name\":\"Volont\u00e9\",\"description\":\"Il Piacere Secondo LELO\",\"potentialAction\":[{\"@type\":\"SearchAction\",\"target\":{\"@type\":\"EntryPoint\",\"urlTemplate\":\"https:\/\/www.lelo.com\/it\/blog\/?s={search_term_string}\"},\"query-input\":{\"@type\":\"PropertyValueSpecification\",\"valueRequired\":true,\"valueName\":\"search_term_string\"}}],\"inLanguage\":\"it-IT\"},{\"@type\":\"Person\",\"@id\":\"https:\/\/www.lelo.com\/it\/blog\/#\/schema\/person\/f8f8734e026e7cce0bee92deb04a35c5\",\"name\":\"Valentina Grandi\",\"image\":{\"@type\":\"ImageObject\",\"inLanguage\":\"it-IT\",\"@id\":\"https:\/\/www.lelo.com\/it\/blog\/#\/schema\/person\/image\/0328774fcbede0eb24fe09daa05f6305\",\"url\":\"https:\/\/secure.gravatar.com\/avatar\/37e879687ecd4d35d33e17aea613134e?s=96&d=mm&r=pg\",\"contentUrl\":\"https:\/\/secure.gravatar.com\/avatar\/37e879687ecd4d35d33e17aea613134e?s=96&d=mm&r=pg\",\"caption\":\"Valentina Grandi\"},\"description\":\"Pugliese di nascita, milanese di adozione, Valentina vive al quarto piano senza ascensore. Sar\u00e0 per questo che ha scelto un lavoro che pu\u00f2 fare anche da casa. Ama i negozi vintage, i vecchi cinema e Milano.\",\"sameAs\":[\"https:\/\/www.lelo.com\/it\/blog\/author\/valentina-grandi\/\",\"https:\/\/www.facebook.com\/LELO.lust.objectified\",\"http:\/\/instagram.com\/lelo_official#\",\"https:\/\/www.pinterest.com\/lelodesign\/\",\"http:\/\/www.youtube.com\/user\/LELOofficial\"],\"url\":\"https:\/\/www.lelo.com\/it\/blog\/author\/valentina-grandi\/\"}]}<\/script>\n<!-- \/ Yoast SEO plugin. -->","yoast_head_json":{"title":"World Aids Day 2023 | Cosa deve cambiare per sconfiggere l'AIDS","description":"Per contrastare l'HIV, contribuiamo a una cultura che vede l\u2019uso del preservativo come mezzo di protezione oltre che come contraccettivo.","robots":{"index":"index","follow":"follow","max-snippet":"max-snippet:-1","max-image-preview":"max-image-preview:large","max-video-preview":"max-video-preview:-1"},"canonical":"https:\/\/www.lelo.com\/it\/blog\/la-giornata-mondiale-contro-l-aids-e-noi\/","og_locale":"it_IT","og_type":"article","og_title":"Giornata Mondiale contro l'AIDS","og_description":"\u00c8 il momento di cambiare, soprattutto la nostra mentalit\u00e0.","og_url":"https:\/\/www.lelo.com\/it\/blog\/la-giornata-mondiale-contro-l-aids-e-noi\/","og_site_name":"Volont\u00e9","article_publisher":"https:\/\/www.facebook.com\/LELO.lust.objectified","article_author":"https:\/\/www.facebook.com\/LELO.lust.objectified","article_published_time":"2023-12-01T00:42:49+00:00","article_modified_time":"2025-07-14T09:59:28+00:00","og_image":[{"width":660,"height":330,"url":"https:\/\/www.lelo.com\/it\/blog\/wp-content\/uploads\/2018\/11\/LELO_VOLONTE_La-Giornata-Mondiale-contro-lAIDS.jpg","type":"image\/jpeg"}],"author":"Valentina Grandi, Matteo Radavelli","twitter_card":"summary_large_image","twitter_creator":"@Lelo_Official","twitter_site":"@Lelo_Official","twitter_misc":{"Scritto da":"Valentina Grandi, Matteo Radavelli","Tempo di lettura stimato":"4 minuti"},"schema":{"@context":"https:\/\/schema.org","@graph":[{"@type":"Article","@id":"https:\/\/www.lelo.com\/it\/blog\/la-giornata-mondiale-contro-l-aids-e-noi\/#article","isPartOf":{"@id":"https:\/\/www.lelo.com\/it\/blog\/la-giornata-mondiale-contro-l-aids-e-noi\/"},"author":{"name":"Valentina Grandi","@id":"https:\/\/www.lelo.com\/it\/blog\/#\/schema\/person\/f8f8734e026e7cce0bee92deb04a35c5"},"headline":"La Giornata Mondiale contro l&#8217;AIDS e noi","datePublished":"2023-12-01T00:42:49+00:00","dateModified":"2025-07-14T09:59:28+00:00","mainEntityOfPage":{"@id":"https:\/\/www.lelo.com\/it\/blog\/la-giornata-mondiale-contro-l-aids-e-noi\/"},"wordCount":657,"commentCount":0,"image":{"@id":"https:\/\/www.lelo.com\/it\/blog\/la-giornata-mondiale-contro-l-aids-e-noi\/#primaryimage"},"thumbnailUrl":"https:\/\/www.lelo.com\/it\/blog\/wp-content\/uploads\/2018\/11\/LELO_VOLONTE_La-Giornata-Mondiale-contro-lAIDS.jpg","keywords":["AIDS","Con contributo specialistico","Giornata mondiale contro l'AIDS","Preservativi","Prevenzione","World Aids Day"],"articleSection":["Benessere sessuale"],"inLanguage":"it-IT","potentialAction":[{"@type":"CommentAction","name":"Comment","target":["https:\/\/www.lelo.com\/it\/blog\/la-giornata-mondiale-contro-l-aids-e-noi\/#respond"]}]},{"@type":"WebPage","@id":"https:\/\/www.lelo.com\/it\/blog\/la-giornata-mondiale-contro-l-aids-e-noi\/","url":"https:\/\/www.lelo.com\/it\/blog\/la-giornata-mondiale-contro-l-aids-e-noi\/","name":"World Aids Day 2023 | Cosa deve cambiare per sconfiggere l'AIDS","isPartOf":{"@id":"https:\/\/www.lelo.com\/it\/blog\/#website"},"primaryImageOfPage":{"@id":"https:\/\/www.lelo.com\/it\/blog\/la-giornata-mondiale-contro-l-aids-e-noi\/#primaryimage"},"image":{"@id":"https:\/\/www.lelo.com\/it\/blog\/la-giornata-mondiale-contro-l-aids-e-noi\/#primaryimage"},"thumbnailUrl":"https:\/\/www.lelo.com\/it\/blog\/wp-content\/uploads\/2018\/11\/LELO_VOLONTE_La-Giornata-Mondiale-contro-lAIDS.jpg","datePublished":"2023-12-01T00:42:49+00:00","dateModified":"2025-07-14T09:59:28+00:00","author":{"@id":"https:\/\/www.lelo.com\/it\/blog\/#\/schema\/person\/f8f8734e026e7cce0bee92deb04a35c5"},"description":"Per contrastare l'HIV, contribuiamo a una cultura che vede l\u2019uso del preservativo come mezzo di protezione oltre che come contraccettivo.","inLanguage":"it-IT","potentialAction":[{"@type":"ReadAction","target":["https:\/\/www.lelo.com\/it\/blog\/la-giornata-mondiale-contro-l-aids-e-noi\/"]}]},{"@type":"ImageObject","inLanguage":"it-IT","@id":"https:\/\/www.lelo.com\/it\/blog\/la-giornata-mondiale-contro-l-aids-e-noi\/#primaryimage","url":"https:\/\/www.lelo.com\/it\/blog\/wp-content\/uploads\/2018\/11\/LELO_VOLONTE_La-Giornata-Mondiale-contro-lAIDS.jpg","contentUrl":"https:\/\/www.lelo.com\/it\/blog\/wp-content\/uploads\/2018\/11\/LELO_VOLONTE_La-Giornata-Mondiale-contro-lAIDS.jpg","width":660,"height":330,"caption":"LELO_VOLONTE_La Giornata Mondiale contro l'AIDS"},{"@type":"WebSite","@id":"https:\/\/www.lelo.com\/it\/blog\/#website","url":"https:\/\/www.lelo.com\/it\/blog\/","name":"Volont\u00e9","description":"Il Piacere Secondo LELO","potentialAction":[{"@type":"SearchAction","target":{"@type":"EntryPoint","urlTemplate":"https:\/\/www.lelo.com\/it\/blog\/?s={search_term_string}"},"query-input":{"@type":"PropertyValueSpecification","valueRequired":true,"valueName":"search_term_string"}}],"inLanguage":"it-IT"},{"@type":"Person","@id":"https:\/\/www.lelo.com\/it\/blog\/#\/schema\/person\/f8f8734e026e7cce0bee92deb04a35c5","name":"Valentina Grandi","image":{"@type":"ImageObject","inLanguage":"it-IT","@id":"https:\/\/www.lelo.com\/it\/blog\/#\/schema\/person\/image\/0328774fcbede0eb24fe09daa05f6305","url":"https:\/\/secure.gravatar.com\/avatar\/37e879687ecd4d35d33e17aea613134e?s=96&d=mm&r=pg","contentUrl":"https:\/\/secure.gravatar.com\/avatar\/37e879687ecd4d35d33e17aea613134e?s=96&d=mm&r=pg","caption":"Valentina Grandi"},"description":"Pugliese di nascita, milanese di adozione, Valentina vive al quarto piano senza ascensore. Sar\u00e0 per questo che ha scelto un lavoro che pu\u00f2 fare anche da casa. Ama i negozi vintage, i vecchi cinema e Milano.","sameAs":["https:\/\/www.lelo.com\/it\/blog\/author\/valentina-grandi\/","https:\/\/www.facebook.com\/LELO.lust.objectified","http:\/\/instagram.com\/lelo_official#","https:\/\/www.pinterest.com\/lelodesign\/","http:\/\/www.youtube.com\/user\/LELOofficial"],"url":"https:\/\/www.lelo.com\/it\/blog\/author\/valentina-grandi\/"}]}},"_links":{"self":[{"href":"https:\/\/www.lelo.com\/it\/blog\/wp-json\/wp\/v2\/posts\/12838","targetHints":{"allow":["GET"]}}],"collection":[{"href":"https:\/\/www.lelo.com\/it\/blog\/wp-json\/wp\/v2\/posts"}],"about":[{"href":"https:\/\/www.lelo.com\/it\/blog\/wp-json\/wp\/v2\/types\/post"}],"author":[{"embeddable":true,"href":"https:\/\/www.lelo.com\/it\/blog\/wp-json\/wp\/v2\/users\/5"}],"replies":[{"embeddable":true,"href":"https:\/\/www.lelo.com\/it\/blog\/wp-json\/wp\/v2\/comments?post=12838"}],"version-history":[{"count":31,"href":"https:\/\/www.lelo.com\/it\/blog\/wp-json\/wp\/v2\/posts\/12838\/revisions"}],"predecessor-version":[{"id":30681,"href":"https:\/\/www.lelo.com\/it\/blog\/wp-json\/wp\/v2\/posts\/12838\/revisions\/30681"}],"wp:featuredmedia":[{"embeddable":true,"href":"https:\/\/www.lelo.com\/it\/blog\/wp-json\/wp\/v2\/media\/14814"}],"wp:attachment":[{"href":"https:\/\/www.lelo.com\/it\/blog\/wp-json\/wp\/v2\/media?parent=12838"}],"wp:term":[{"taxonomy":"category","embeddable":true,"href":"https:\/\/www.lelo.com\/it\/blog\/wp-json\/wp\/v2\/categories?post=12838"},{"taxonomy":"post_tag","embeddable":true,"href":"https:\/\/www.lelo.com\/it\/blog\/wp-json\/wp\/v2\/tags?post=12838"},{"taxonomy":"author","embeddable":true,"href":"https:\/\/www.lelo.com\/it\/blog\/wp-json\/wp\/v2\/coauthors?post=12838"}],"curies":[{"name":"wp","href":"https:\/\/api.w.org\/{rel}","templated":true}]}}